{"id":114782,"date":"2025-10-17T15:09:22","date_gmt":"2025-10-17T15:09:22","guid":{"rendered":"https:\/\/www.europesays.com\/pt\/114782\/"},"modified":"2025-10-17T15:09:22","modified_gmt":"2025-10-17T15:09:22","slug":"municipio-de-guimaraes-apresenta-livro-guimaraes-uma-historia-feita-futuro","status":"publish","type":"post","link":"https:\/\/www.europesays.com\/pt\/114782\/","title":{"rendered":"Munic\u00edpio de Guimar\u00e3es apresenta livro \u201cGuimar\u00e3es, Uma Hist\u00f3ria Feita Futuro\u201d"},"content":{"rendered":"<p>Munic\u00edpio de Guimar\u00e3es apresenta livro \u201cGuimar\u00e3es, Uma Hist\u00f3ria Feita Futuro\u201d<\/p>\n<p>A sess\u00e3o de lan\u00e7amento contar\u00e1 com a presen\u00e7a dos \u00f3rg\u00e3os de comunica\u00e7\u00e3o social e pretende celebrar um percurso de doze anos de transforma\u00e7\u00e3o e desenvolvimento no concelho.<\/p>\n<p data-start=\"85\" data-end=\"439\">O Munic\u00edpio de Guimar\u00e3es vai apresentar, no pr\u00f3ximo dia 21 de outubro, \u00e0s 11h30, no Sal\u00e3o Nobre da C\u00e2mara Municipal, o livro \u201cGuimar\u00e3es, Uma Hist\u00f3ria Feita Futuro\u201d.<\/p>\n<p data-start=\"441\" data-end=\"877\" data-is-last-node=\"\" data-is-only-node=\"\">A publica\u00e7\u00e3o re\u00fane um conjunto de interven\u00e7\u00f5es e projetos considerados mais expressivos na constru\u00e7\u00e3o do territ\u00f3rio vimaranense, com destaque para as \u00e1reas da Educa\u00e7\u00e3o, Cultura, Ci\u00eancia, Sustentabilidade Ambiental e Coes\u00e3o Territorial. Estes dom\u00ednios s\u00e3o apontados como pilares estrat\u00e9gicos para o futuro de Guimar\u00e3es, refletindo a vis\u00e3o municipal de um concelho que \u201cvaloriza o conhecimento, a inova\u00e7\u00e3o e a sustentabilidade\u201d.<\/p>\n","protected":false},"excerpt":{"rendered":"Munic\u00edpio de Guimar\u00e3es apresenta livro \u201cGuimar\u00e3es, Uma Hist\u00f3ria Feita Futuro\u201d A sess\u00e3o de lan\u00e7amento contar\u00e1 com a presen\u00e7a&hellip;\n","protected":false},"author":2,"featured_media":114783,"comment_status":"","ping_status":"","sticky":false,"template":"","format":"standard","meta":{"footnotes":""},"categories":[143],"tags":[169,114,115,170,32,33],"class_list":{"0":"post-114782","1":"post","2":"type-post","3":"status-publish","4":"format-standard","5":"has-post-thumbnail","7":"category-livros","8":"tag-books","9":"tag-entertainment","10":"tag-entretenimento","11":"tag-livros","12":"tag-portugal","13":"tag-pt"},"share_on_mastodon":{"url":"","error":""},"_links":{"self":[{"href":"https:\/\/www.europesays.com\/pt\/wp-json\/wp\/v2\/posts\/114782","targetHints":{"allow":["GET"]}}],"collection":[{"href":"https:\/\/www.europesays.com\/pt\/wp-json\/wp\/v2\/posts"}],"about":[{"href":"https:\/\/www.europesays.com\/pt\/wp-json\/wp\/v2\/types\/post"}],"author":[{"embeddable":true,"href":"https:\/\/www.europesays.com\/pt\/wp-json\/wp\/v2\/users\/2"}],"replies":[{"embeddable":true,"href":"https:\/\/www.europesays.com\/pt\/wp-json\/wp\/v2\/comments?post=114782"}],"version-history":[{"count":0,"href":"https:\/\/www.europesays.com\/pt\/wp-json\/wp\/v2\/posts\/114782\/revisions"}],"wp:featuredmedia":[{"embeddable":true,"href":"https:\/\/www.europesays.com\/pt\/wp-json\/wp\/v2\/media\/114783"}],"wp:attachment":[{"href":"https:\/\/www.europesays.com\/pt\/wp-json\/wp\/v2\/media?parent=114782"}],"wp:term":[{"taxonomy":"category","embeddable":true,"href":"https:\/\/www.europesays.com\/pt\/wp-json\/wp\/v2\/categories?post=114782"},{"taxonomy":"post_tag","embeddable":true,"href":"https:\/\/www.europesays.com\/pt\/wp-json\/wp\/v2\/tags?post=114782"}],"curies":[{"name":"wp","href":"https:\/\/api.w.org\/{rel}","templated":true}]}}