{"id":114784,"date":"2025-10-17T15:10:09","date_gmt":"2025-10-17T15:10:09","guid":{"rendered":"https:\/\/www.europesays.com\/pt\/114784\/"},"modified":"2025-10-17T15:10:09","modified_gmt":"2025-10-17T15:10:09","slug":"estao-muito-envergonhados-so-querem-que-o-programa-acabe","status":"publish","type":"post","link":"https:\/\/www.europesays.com\/pt\/114784\/","title":{"rendered":"\u201cEst\u00e3o muito envergonhados\u2026 s\u00f3 querem que o programa acabe\u201d"},"content":{"rendered":"<p>Atenta ao <a href=\"https:\/\/tvi.iol.pt\/secretstory\" rel=\"nofollow noopener\" target=\"_blank\">Secret Story<\/a>, fam\u00edlia de <a href=\"https:\/\/infocul.pt\/confronto-intenso-no-casa-dos-segredos-vera-ines-e-liliana-trocam-farpas-em-direto-ha-limites-que-nao-sao-ultrapassaveis\/\" rel=\"nofollow noopener\" target=\"_blank\">Liliana <\/a>em choque com a rela\u00e7\u00e3o com F\u00e1bio: \u201cEst\u00e3o muito envergonhados\u2026 s\u00f3 querem que o programa acabe\u201d, foi referido.<\/p>\n<p>Pais de Liliana reagem \u00e0 pol\u00e9mica no Secret Story 9<\/p>\n<p>A edi\u00e7\u00e3o desta semana da <strong>revista TV Guia<\/strong> revela novas informa\u00e7\u00f5es sobre <strong>a rea\u00e7\u00e3o da fam\u00edlia de Liliana<\/strong> \u00e0 participa\u00e7\u00e3o da concorrente no Secret Story 9.<\/p>\n<p>Desde que a jovem terminou o namoro de quatro anos com <strong>Z\u00e9<\/strong> e se envolveu com <strong>F\u00e1bio<\/strong>, a rela\u00e7\u00e3o familiar <strong>ter-se-\u00e1 deteriorado<\/strong>. Segundo a publica\u00e7\u00e3o, <strong>os pais de Liliana n\u00e3o est\u00e3o a lidar bem com a exposi\u00e7\u00e3o p\u00fablica da filha<\/strong>.<\/p>\n<p>Uma amiga pr\u00f3xima da fam\u00edlia contou \u00e0 revista:<br \/><strong>\u201cEles est\u00e3o muito envergonhados, s\u00e3o pessoas de bem e nunca imaginaram passar por isto. N\u00e3o v\u00e3o a galas, nem fazem inten\u00e7\u00f5es de ir. S\u00f3 querem que o programa acabe.\u201d<\/strong><\/p>\n<p>\u201cEra o Z\u00e9 quem tratava de tudo o que tivesse que ver com a Liliana\u201d<\/p>\n<p>A mesma fonte revelou que <strong>Z\u00e9 mantinha uma rela\u00e7\u00e3o pr\u00f3xima com os pais da ex-namorada<\/strong>, assumindo v\u00e1rias responsabilidades relacionadas com a estadia de Liliana no reality show.<\/p>\n<p><strong>\u201cEra o Z\u00e9 quem tratava de tudo o que tivesse que ver com a Liliana junto da produ\u00e7\u00e3o, desde o envio de roupa, tabaco, entre outros. Ele deixou de o fazer ainda antes de se separarem, mas os pais n\u00e3o quiseram passar a ser esse contacto e isso ficou nas m\u00e3os de outros amigos da Liliana, os poucos que est\u00e3o do lado dela.\u201d<\/strong><\/p>\n<p>Estas declara\u00e7\u00f5es mostram o <strong>distanciamento entre a concorrente e a pr\u00f3pria fam\u00edlia<\/strong>, que preferiu afastar-se de qualquer envolvimento com o programa ap\u00f3s a pol\u00e9mica.<\/p>\n<p>Fam\u00edlia de F\u00e1bio tamb\u00e9m reprova o relacionamento<\/p>\n<p>Mas o desconforto n\u00e3o se limita ao lado de Liliana. De acordo com a <strong>TV Guia<\/strong>, <strong>\u201cos pais e irm\u00e3os de F\u00e1bio\u201d<\/strong> tamb\u00e9m <strong>n\u00e3o aceitam a rela\u00e7\u00e3o<\/strong> e est\u00e3o <strong>\u201cainda mais revoltados\u201d<\/strong> com o envolvimento entre os dois concorrentes.<\/p>\n<p>A publica\u00e7\u00e3o refere que <strong>a uni\u00e3o entre Liliana e F\u00e1bio criou tens\u00e3o fora da casa<\/strong>, com ambos a enfrentarem cr\u00edticas e rejei\u00e7\u00e3o por parte das respetivas fam\u00edlias.<\/p>\n<p>Produ\u00e7\u00e3o da TVI tenta proteger Liliana<\/p>\n<p>Face a este cen\u00e1rio delicado, a revista adianta que a <strong>produ\u00e7\u00e3o do reality show da TVI<\/strong> tem procurado <strong>evitar que Liliana tenha conhecimento da situa\u00e7\u00e3o familiar<\/strong>.<\/p>\n<p>Segundo a mesma fonte, a equipa <strong>\u201ctem feito de tudo para que Liliana n\u00e3o se aperceba de nada no interior da casa\u201d<\/strong>, de forma a <strong>preservar o equil\u00edbrio emocional da concorrente<\/strong> durante a sua perman\u00eancia no jogo.<\/p>\n<p>Uma sa\u00edda cada vez mais dif\u00edcil<\/p>\n<p>Com este contexto, tudo indica que <strong>Liliana ter\u00e1 uma realidade complicada \u00e0 sua espera quando deixar o Secret Story 9<\/strong>.<\/p>\n<p>Entre a <strong>ruptura com Z\u00e9<\/strong>, a <strong>pol\u00e9mica rela\u00e7\u00e3o com F\u00e1bio<\/strong> e a <strong>rea\u00e7\u00e3o negativa das fam\u00edlias<\/strong>, a jovem <strong>enfrenta um dos momentos mais desafiantes da sua vida p\u00fablica<\/strong>.<\/p>\n<p><a href=\"https:\/\/news.google.com\/publications\/CAAqBwgKMKfIoAswtNK4Aw\" target=\"_blank\" rel=\"noopener noreferrer nofollow\"><img loading=\"lazy\" data-lazyloaded=\"1\" width=\"481\" height=\"161\" decoding=\"async\" src=\"\/wp-content\/uploads\/2024\/02\/GN_siganos.png\" alt=\"Siga-nos no Google News\" style=\"margin-top:20px;\"\/><\/a><\/p>\n","protected":false},"excerpt":{"rendered":"Atenta ao Secret Story, fam\u00edlia de Liliana em choque com a rela\u00e7\u00e3o com F\u00e1bio: \u201cEst\u00e3o muito envergonhados\u2026 s\u00f3&hellip;\n","protected":false},"author":2,"featured_media":111034,"comment_status":"","ping_status":"","sticky":false,"template":"","format":"standard","meta":{"footnotes":""},"categories":[142],"tags":[2632,114,115,32,33,151],"class_list":{"0":"post-114784","1":"post","2":"type-post","3":"status-publish","4":"format-standard","5":"has-post-thumbnail","7":"category-tv","8":"tag-casa-dos-segredos","9":"tag-entertainment","10":"tag-entretenimento","11":"tag-portugal","12":"tag-pt","13":"tag-tv"},"share_on_mastodon":{"url":"","error":""},"_links":{"self":[{"href":"https:\/\/www.europesays.com\/pt\/wp-json\/wp\/v2\/posts\/114784","targetHints":{"allow":["GET"]}}],"collection":[{"href":"https:\/\/www.europesays.com\/pt\/wp-json\/wp\/v2\/posts"}],"about":[{"href":"https:\/\/www.europesays.com\/pt\/wp-json\/wp\/v2\/types\/post"}],"author":[{"embeddable":true,"href":"https:\/\/www.europesays.com\/pt\/wp-json\/wp\/v2\/users\/2"}],"replies":[{"embeddable":true,"href":"https:\/\/www.europesays.com\/pt\/wp-json\/wp\/v2\/comments?post=114784"}],"version-history":[{"count":0,"href":"https:\/\/www.europesays.com\/pt\/wp-json\/wp\/v2\/posts\/114784\/revisions"}],"wp:featuredmedia":[{"embeddable":true,"href":"https:\/\/www.europesays.com\/pt\/wp-json\/wp\/v2\/media\/111034"}],"wp:attachment":[{"href":"https:\/\/www.europesays.com\/pt\/wp-json\/wp\/v2\/media?parent=114784"}],"wp:term":[{"taxonomy":"category","embeddable":true,"href":"https:\/\/www.europesays.com\/pt\/wp-json\/wp\/v2\/categories?post=114784"},{"taxonomy":"post_tag","embeddable":true,"href":"https:\/\/www.europesays.com\/pt\/wp-json\/wp\/v2\/tags?post=114784"}],"curies":[{"name":"wp","href":"https:\/\/api.w.org\/{rel}","templated":true}]}}