{"id":114793,"date":"2025-10-17T15:20:27","date_gmt":"2025-10-17T15:20:27","guid":{"rendered":"https:\/\/www.europesays.com\/pt\/114793\/"},"modified":"2025-10-17T15:20:27","modified_gmt":"2025-10-17T15:20:27","slug":"reuniao-com-varandas-nem-sequer-vi-o-presidente-historias-alucinantes","status":"publish","type":"post","link":"https:\/\/www.europesays.com\/pt\/114793\/","title":{"rendered":"\u00abReuni\u00e3o com Varandas? Nem sequer vi o presidente. Hist\u00f3rias alucinantes&#8230;\u00bb"},"content":{"rendered":"<p>Rui Borges, treinador do <a class=\"autolink-enabled\" data-resource-id=\"448\" data-resource-type=\"team\" data-sport=\"football\" href=\"https:\/\/www.abola.pt\/futebol\/sporting-448\" rel=\"nofollow noopener\" target=\"_blank\">Sporting<\/a>, reagiu esta sexta-feira \u00e0s declara\u00e7\u00f5es do presidente leonino, Frederico Varandas, sobre o facto de o clube n\u00e3o estar na lideran\u00e7a por culpa pr\u00f3pria. No entanto, rejeitou a exist\u00eancia de qualquer reuni\u00e3o.<\/p>\n<p style=\"text-align: justify\">\u00abNem sequer vi o presidente. \u00c9 engra\u00e7ado estarmos deste lado, a ver o que se passa, criam hist\u00f3ria alucinantes. Depois, em rela\u00e7\u00e3o \u00e0 culpa pr\u00f3pria, tem a ver com a exig\u00eancia, jamais ser\u00e1 uma cr\u00edtica. Queremos ganhar a todo o custo. Temos tido in\u00edcio de \u00e9poca bastante produtivo, num jogo menos conseguido fic\u00e1mos sentido, mexeu connosco, tem de mexer connosco. \u00c9 exig\u00eancia, que dignifique o individual, jogadores t\u00eam de ficar sentidos por n\u00e3o sermos o Sporting que queremos\u00bb, disse.<\/p>\n","protected":false},"excerpt":{"rendered":"Rui Borges, treinador do Sporting, reagiu esta sexta-feira \u00e0s declara\u00e7\u00f5es do presidente leonino, Frederico Varandas, sobre o facto&hellip;\n","protected":false},"author":2,"featured_media":114794,"comment_status":"","ping_status":"","sticky":false,"template":"","format":"standard","meta":{"footnotes":""},"categories":[8],"tags":[27,28,15,16,14,25,26,21,22,12,13,19,20,32,23,24,33,17,18,29,30,31],"class_list":{"0":"post-114793","1":"post","2":"type-post","3":"status-publish","4":"format-standard","5":"has-post-thumbnail","7":"category-principais-noticias","8":"tag-breaking-news","9":"tag-breakingnews","10":"tag-featured-news","11":"tag-featurednews","12":"tag-headlines","13":"tag-latest-news","14":"tag-latestnews","15":"tag-main-news","16":"tag-mainnews","17":"tag-news","18":"tag-noticias","19":"tag-noticias-principais","20":"tag-noticiasprincipais","21":"tag-portugal","22":"tag-principais-noticias","23":"tag-principaisnoticias","24":"tag-pt","25":"tag-top-stories","26":"tag-topstories","27":"tag-ultimas","28":"tag-ultimas-noticias","29":"tag-ultimasnoticias"},"share_on_mastodon":{"url":"","error":""},"_links":{"self":[{"href":"https:\/\/www.europesays.com\/pt\/wp-json\/wp\/v2\/posts\/114793","targetHints":{"allow":["GET"]}}],"collection":[{"href":"https:\/\/www.europesays.com\/pt\/wp-json\/wp\/v2\/posts"}],"about":[{"href":"https:\/\/www.europesays.com\/pt\/wp-json\/wp\/v2\/types\/post"}],"author":[{"embeddable":true,"href":"https:\/\/www.europesays.com\/pt\/wp-json\/wp\/v2\/users\/2"}],"replies":[{"embeddable":true,"href":"https:\/\/www.europesays.com\/pt\/wp-json\/wp\/v2\/comments?post=114793"}],"version-history":[{"count":0,"href":"https:\/\/www.europesays.com\/pt\/wp-json\/wp\/v2\/posts\/114793\/revisions"}],"wp:featuredmedia":[{"embeddable":true,"href":"https:\/\/www.europesays.com\/pt\/wp-json\/wp\/v2\/media\/114794"}],"wp:attachment":[{"href":"https:\/\/www.europesays.com\/pt\/wp-json\/wp\/v2\/media?parent=114793"}],"wp:term":[{"taxonomy":"category","embeddable":true,"href":"https:\/\/www.europesays.com\/pt\/wp-json\/wp\/v2\/categories?post=114793"},{"taxonomy":"post_tag","embeddable":true,"href":"https:\/\/www.europesays.com\/pt\/wp-json\/wp\/v2\/tags?post=114793"}],"curies":[{"name":"wp","href":"https:\/\/api.w.org\/{rel}","templated":true}]}}