{"id":114806,"date":"2025-10-17T15:34:54","date_gmt":"2025-10-17T15:34:54","guid":{"rendered":"https:\/\/www.europesays.com\/pt\/114806\/"},"modified":"2025-10-17T15:34:54","modified_gmt":"2025-10-17T15:34:54","slug":"gouveia-e-melo-critica-lei-dos-estrangeiros-sou-contra-decidir-com-base-em-impressoes-e-odios","status":"publish","type":"post","link":"https:\/\/www.europesays.com\/pt\/114806\/","title":{"rendered":"Gouveia e Melo critica Lei dos Estrangeiros: &#8220;Sou contra decidir com base em impress\u00f5es e \u00f3dios&#8221;"},"content":{"rendered":"<p>O candidato presidencial Gouveia e Melo criticou, esta sexta-feira, a Lei dos Estrangeiros, <a href=\"https:\/\/www.jn.pt\/nacional\/artigo\/marcelo-promulga-lei-dos-esrangeiros\/18009209\" target=\"_blank\" rel=\"nofollow noopener\">promulgada na quinta-feira por Marcelo Rebelo de Sousa<\/a>, considerando que esta deveria ter sido mais ponderada e implementada &#8220;gradativamente&#8221;, tendo em conta o estado da economia portuguesa. Tamb\u00e9m refutou &#8220;entrar em politiquices&#8221;, quando instado a responder a Andr\u00e9 Ventura, que o acusa de &#8220;parecer a voz do PS&#8221;, e rejeitou tecer declara\u00e7\u00f5es sobre eventuais apoios de &#8220;passistas&#8221; e do pr\u00f3prio Pedro Passos Coelho a Ant\u00f3nio Jos\u00e9 Seguro.<\/p>\n<blockquote class=\"ngx-blockquote\">\n<p>Sem os imigrantes, neste momento, j\u00e1 n\u00e3o conseguimos pagar a Seguran\u00e7a Social<\/p>\n<\/blockquote>\n","protected":false},"excerpt":{"rendered":"O candidato presidencial Gouveia e Melo criticou, esta sexta-feira, a Lei dos Estrangeiros, promulgada na quinta-feira por Marcelo&hellip;\n","protected":false},"author":2,"featured_media":114807,"comment_status":"","ping_status":"","sticky":false,"template":"","format":"standard","meta":{"footnotes":""},"categories":[8],"tags":[27,28,15,16,9498,14,1481,25,26,7392,21,22,619,12,13,19,20,32,1076,23,24,33,17,18,29,30,31],"class_list":{"0":"post-114806","1":"post","2":"type-post","3":"status-publish","4":"format-standard","5":"has-post-thumbnail","7":"category-principais-noticias","8":"tag-breaking-news","9":"tag-breakingnews","10":"tag-featured-news","11":"tag-featurednews","12":"tag-gouveia-e-melo","13":"tag-headlines","14":"tag-imigracao","15":"tag-latest-news","16":"tag-latestnews","17":"tag-lei-dos-estrangeiros","18":"tag-main-news","19":"tag-mainnews","20":"tag-nacional","21":"tag-news","22":"tag-noticias","23":"tag-noticias-principais","24":"tag-noticiasprincipais","25":"tag-portugal","26":"tag-presidenciais-2026","27":"tag-principais-noticias","28":"tag-principaisnoticias","29":"tag-pt","30":"tag-top-stories","31":"tag-topstories","32":"tag-ultimas","33":"tag-ultimas-noticias","34":"tag-ultimasnoticias"},"share_on_mastodon":{"url":"","error":""},"_links":{"self":[{"href":"https:\/\/www.europesays.com\/pt\/wp-json\/wp\/v2\/posts\/114806","targetHints":{"allow":["GET"]}}],"collection":[{"href":"https:\/\/www.europesays.com\/pt\/wp-json\/wp\/v2\/posts"}],"about":[{"href":"https:\/\/www.europesays.com\/pt\/wp-json\/wp\/v2\/types\/post"}],"author":[{"embeddable":true,"href":"https:\/\/www.europesays.com\/pt\/wp-json\/wp\/v2\/users\/2"}],"replies":[{"embeddable":true,"href":"https:\/\/www.europesays.com\/pt\/wp-json\/wp\/v2\/comments?post=114806"}],"version-history":[{"count":0,"href":"https:\/\/www.europesays.com\/pt\/wp-json\/wp\/v2\/posts\/114806\/revisions"}],"wp:featuredmedia":[{"embeddable":true,"href":"https:\/\/www.europesays.com\/pt\/wp-json\/wp\/v2\/media\/114807"}],"wp:attachment":[{"href":"https:\/\/www.europesays.com\/pt\/wp-json\/wp\/v2\/media?parent=114806"}],"wp:term":[{"taxonomy":"category","embeddable":true,"href":"https:\/\/www.europesays.com\/pt\/wp-json\/wp\/v2\/categories?post=114806"},{"taxonomy":"post_tag","embeddable":true,"href":"https:\/\/www.europesays.com\/pt\/wp-json\/wp\/v2\/tags?post=114806"}],"curies":[{"name":"wp","href":"https:\/\/api.w.org\/{rel}","templated":true}]}}