{"id":114810,"date":"2025-10-17T15:37:19","date_gmt":"2025-10-17T15:37:19","guid":{"rendered":"https:\/\/www.europesays.com\/pt\/114810\/"},"modified":"2025-10-17T15:37:19","modified_gmt":"2025-10-17T15:37:19","slug":"o-olhar-de-uma-crianca-durante-os-anos-de-chumbo","status":"publish","type":"post","link":"https:\/\/www.europesays.com\/pt\/114810\/","title":{"rendered":"O olhar de uma crian\u00e7a durante os anos de chumbo"},"content":{"rendered":"<p>Livro conta hist\u00f3ria de Rodrigo, cujos pais foram perseguidos pelo regime militar<\/p>\n<p><img loading=\"lazy\" decoding=\"async\" src=\"https:\/\/www.europesays.com\/pt\/wp-content\/uploads\/2025\/10\/7KCywHPlBjQU9Y96Xbw9BEDQhC7XqTHqPTjzqcsfWEoDN71q1ltRQcVmYPA9OnAGVQtRsqWDyXf6rHru.jpg\" width=\"125\" height=\"192\" \/>Protagonista do romance Hipop\u00f3tamo (<a href=\"https:\/\/www.publishnews.com.br\/etiquetas\/todavia\" rel=\"nofollow noopener\" target=\"_blank\">Todavia<\/a>, 96 pp, R$ 66,90), de Chico Mattoso, Rodrigo \u00e9 um garoto introspectivo, filho de pais separados, \u00e0s voltas com a rotina paulistana do in\u00edcio dos anos 1990: o futebol meio desastrado na escola, a timidez com as meninas da classe, as f\u00e9rias com os av\u00f3s. Os pais est\u00e3o no centro de sua vida. Navegando entre as casas de cada um, explorando esses \u201ccontinentes\u201d t\u00e3o diferentes entre si, Rodrigo os observa com lentes de especialista: conhece seus h\u00e1bitos, suas obsess\u00f5es, at\u00e9 detalhes de sua anatomia \u2014 como as estranhas marcas no antebra\u00e7o da m\u00e3e, \u201cpequenos c\u00edrculos escurecidos e enrugados que mais parecem as pegadas de um hipop\u00f3tamo em miniatura\u201d. Nem tudo, por\u00e9m, est\u00e1 ao alcance dos olhos. Rodrigo entende que, a despeito da rela\u00e7\u00e3o tempestuosa dos pais, algo no passado os mant\u00e9m unidos. Sabe que ambos foram perseguidos pelo governo, que viveram no exterior e se separaram depois de seu nascimento. Afora isso, \u00e9 tudo muito nebuloso \u2015 e talvez seja melhor assim. \u201c\u00c9 bom estar longe das coisas\u201d, afinal. Mas ele se pergunta at\u00e9 que ponto \u00e9 poss\u00edvel manter essa dist\u00e2ncia. O autor \u00e9 roteirista de s\u00e9ries como Pico da Neblina e Encantado\u2019s e publicou os romances Longe de Ramiro (Editora 34) e Nunca vai embora (Companhia das Letras).<\/p>\n","protected":false},"excerpt":{"rendered":"Livro conta hist\u00f3ria de Rodrigo, cujos pais foram perseguidos pelo regime militar Protagonista do romance Hipop\u00f3tamo (Todavia, 96&hellip;\n","protected":false},"author":2,"featured_media":17657,"comment_status":"","ping_status":"","sticky":false,"template":"","format":"standard","meta":{"footnotes":""},"categories":[143],"tags":[868,877,867,169,869,872,873,880,114,115,874,870,875,878,879,864,876,237,871,170,865,866,13,32,33],"class_list":{"0":"post-114810","1":"post","2":"type-post","3":"status-publish","4":"format-standard","5":"has-post-thumbnail","7":"category-livros","8":"tag-best-seller","9":"tag-biblioteca","10":"tag-bienal-do-livro","11":"tag-books","12":"tag-clipping","13":"tag-e-book","14":"tag-ebook","15":"tag-editora","16":"tag-entertainment","17":"tag-entretenimento","18":"tag-escritor","19":"tag-eventos","20":"tag-festival-literario","21":"tag-lancamentos","22":"tag-leitura","23":"tag-literatura","24":"tag-livraria","25":"tag-livro","26":"tag-livro-digital","27":"tag-livros","28":"tag-mercado-editorial","29":"tag-mercado-livreiro","30":"tag-noticias","31":"tag-portugal","32":"tag-pt"},"share_on_mastodon":{"url":"","error":""},"_links":{"self":[{"href":"https:\/\/www.europesays.com\/pt\/wp-json\/wp\/v2\/posts\/114810","targetHints":{"allow":["GET"]}}],"collection":[{"href":"https:\/\/www.europesays.com\/pt\/wp-json\/wp\/v2\/posts"}],"about":[{"href":"https:\/\/www.europesays.com\/pt\/wp-json\/wp\/v2\/types\/post"}],"author":[{"embeddable":true,"href":"https:\/\/www.europesays.com\/pt\/wp-json\/wp\/v2\/users\/2"}],"replies":[{"embeddable":true,"href":"https:\/\/www.europesays.com\/pt\/wp-json\/wp\/v2\/comments?post=114810"}],"version-history":[{"count":0,"href":"https:\/\/www.europesays.com\/pt\/wp-json\/wp\/v2\/posts\/114810\/revisions"}],"wp:featuredmedia":[{"embeddable":true,"href":"https:\/\/www.europesays.com\/pt\/wp-json\/wp\/v2\/media\/17657"}],"wp:attachment":[{"href":"https:\/\/www.europesays.com\/pt\/wp-json\/wp\/v2\/media?parent=114810"}],"wp:term":[{"taxonomy":"category","embeddable":true,"href":"https:\/\/www.europesays.com\/pt\/wp-json\/wp\/v2\/categories?post=114810"},{"taxonomy":"post_tag","embeddable":true,"href":"https:\/\/www.europesays.com\/pt\/wp-json\/wp\/v2\/tags?post=114810"}],"curies":[{"name":"wp","href":"https:\/\/api.w.org\/{rel}","templated":true}]}}