{"id":114821,"date":"2025-10-17T15:47:09","date_gmt":"2025-10-17T15:47:09","guid":{"rendered":"https:\/\/www.europesays.com\/pt\/114821\/"},"modified":"2025-10-17T15:47:09","modified_gmt":"2025-10-17T15:47:09","slug":"donos-de-casa-em-aveiro-vao-pagar-76-mil-euros-a-mulher-que-caiu-de-varanda","status":"publish","type":"post","link":"https:\/\/www.europesays.com\/pt\/114821\/","title":{"rendered":"Donos de casa em Aveiro v\u00e3o pagar 76 mil euros a mulher que caiu de varanda"},"content":{"rendered":"<p>A senten\u00e7a foi proferida pelo Tribunal de Aveiro, em abril de 2024, e foi confirmada pelo Tribunal da Rela\u00e7\u00e3o do Porto e mais recentemente pelo Supremo Tribunal de Justi\u00e7a (STJ). O ac\u00f3rd\u00e3o do STJ, datado de 2 de outubro e consultado esta sexta-feira pela Lusa, negou o recurso apresentado pelos r\u00e9us, confirmando o ac\u00f3rd\u00e3o recorrido.<\/p>\n<p data-remotead-prev-elm=\"true\" data-remotead-elm-id=\"inread\">&#8220;Sob as regras da experi\u00eancia comum, n\u00e3o se afigurava previs\u00edvel que a atua\u00e7\u00e3o da autora (e da outra pessoa) que se encontrava junto ao varandim tivesse o lament\u00e1vel desfecho da queda da varanda, como consequ\u00eancia ordin\u00e1ria, normal ou natural do facto &#8211; nem que implicasse que o guarda\/corrim\u00e3o se partisse&#8221;, refere o ac\u00f3rd\u00e3o.<\/p>\n<p>Os factos ocorreram a 23 de julho de 2016 durante uma festa em casa de uma amiga da v\u00edtima, que \u00e9 arrendat\u00e1ria do im\u00f3vel dos r\u00e9us.<\/p>\n<p>Dores de cabe\u00e7a e na coluna<\/p>\n<p data-remotead-prev-elm=\"true\" data-remotead-elm-id=\"centro1\">O tribunal deu como provado que a mulher e outra pessoa que tamb\u00e9m se encontrava na varanda ca\u00edram de cerca de tr\u00eas metros de altura at\u00e9 ao solo. Ap\u00f3s a queda, a autora foi assistida no local por uma equipa do INEM e foi transportada para a Urg\u00eancia do Centro Hospitalar da Universidade de Coimbra, onde deu entrada com v\u00e1rias les\u00f5es.<\/p>\n<p>Em consequ\u00eancia do acidente, a autora partiu dentes e passou a ter de usar \u00f3culos de corre\u00e7\u00e3o, apresenta problemas de mem\u00f3ria e mant\u00e9m dores, especialmente cefaleias e dores na coluna que obrigam a medica\u00e7\u00e3o di\u00e1ria analg\u00e9sica, tendo ficado impossibilitada de fazer qualquer atividade f\u00edsica, n\u00e3o suportando nem mesmo uma caminhada de meia hora.<\/p>\n<p>Queda causada pela ced\u00eancia de varanda<\/p>\n<p data-remotead-prev-elm=\"true\" data-remotead-elm-id=\"centro2\">A mulher interp\u00f4s uma a\u00e7\u00e3o contra os r\u00e9us a pedir uma indemniza\u00e7\u00e3o 449.562,67 euros, alegando que a queda ficou a dever-se \u00e0 ced\u00eancia do varandim que quebrou, por n\u00e3o ter, como devia, ferrolhos de ferro nas estruturas da base a prender o corrim\u00e3o \u00e0 parede.<\/p>\n<p>Os r\u00e9us apresentaram contesta\u00e7\u00e3o, sustentando que os bala\u00fastres da varanda estavam devidamente constru\u00eddos e bem conservados, sem sinal de degrada\u00e7\u00e3o.<\/p>\n<p data-remotead-prev-elm=\"true\" data-remotead-elm-id=\"centro3\">Na primeira inst\u00e2ncia, o tribunal julgou a a\u00e7\u00e3o parcialmente procedente e condenou os r\u00e9us a pagar \u00e0 autora cerca de 76 mil euros, a t\u00edtulo de danos patrimoniais e n\u00e3o patrimoniais. Inconformados, os r\u00e9us recorreram, sem \u00eaxito, para a Rela\u00e7\u00e3o do Porto e voltaram a recorrer agora para o STJ, que confirmou a senten\u00e7a condenat\u00f3ria do ressarcimento dos danos sofridos pela autora.<\/p>\n","protected":false},"excerpt":{"rendered":"A senten\u00e7a foi proferida pelo Tribunal de Aveiro, em abril de 2024, e foi confirmada pelo Tribunal da&hellip;\n","protected":false},"author":2,"featured_media":114822,"comment_status":"","ping_status":"","sticky":false,"template":"","format":"standard","meta":{"footnotes":""},"categories":[10],"tags":[27,28,15,16,14,603,25,26,21,22,12,13,19,20,32,23,24,33,9414,19240,17,18,26955,29,30,31],"class_list":{"0":"post-114821","1":"post","2":"type-post","3":"status-publish","4":"format-standard","5":"has-post-thumbnail","7":"category-portugal","8":"tag-breaking-news","9":"tag-breakingnews","10":"tag-featured-news","11":"tag-featurednews","12":"tag-headlines","13":"tag-justica","14":"tag-latest-news","15":"tag-latestnews","16":"tag-main-news","17":"tag-mainnews","18":"tag-news","19":"tag-noticias","20":"tag-noticias-principais","21":"tag-noticiasprincipais","22":"tag-portugal","23":"tag-principais-noticias","24":"tag-principaisnoticias","25":"tag-pt","26":"tag-queda","27":"tag-supremo-tribunal-de-justica","28":"tag-top-stories","29":"tag-topstories","30":"tag-tribunal-de-aveiro","31":"tag-ultimas","32":"tag-ultimas-noticias","33":"tag-ultimasnoticias"},"share_on_mastodon":{"url":"","error":""},"_links":{"self":[{"href":"https:\/\/www.europesays.com\/pt\/wp-json\/wp\/v2\/posts\/114821","targetHints":{"allow":["GET"]}}],"collection":[{"href":"https:\/\/www.europesays.com\/pt\/wp-json\/wp\/v2\/posts"}],"about":[{"href":"https:\/\/www.europesays.com\/pt\/wp-json\/wp\/v2\/types\/post"}],"author":[{"embeddable":true,"href":"https:\/\/www.europesays.com\/pt\/wp-json\/wp\/v2\/users\/2"}],"replies":[{"embeddable":true,"href":"https:\/\/www.europesays.com\/pt\/wp-json\/wp\/v2\/comments?post=114821"}],"version-history":[{"count":0,"href":"https:\/\/www.europesays.com\/pt\/wp-json\/wp\/v2\/posts\/114821\/revisions"}],"wp:featuredmedia":[{"embeddable":true,"href":"https:\/\/www.europesays.com\/pt\/wp-json\/wp\/v2\/media\/114822"}],"wp:attachment":[{"href":"https:\/\/www.europesays.com\/pt\/wp-json\/wp\/v2\/media?parent=114821"}],"wp:term":[{"taxonomy":"category","embeddable":true,"href":"https:\/\/www.europesays.com\/pt\/wp-json\/wp\/v2\/categories?post=114821"},{"taxonomy":"post_tag","embeddable":true,"href":"https:\/\/www.europesays.com\/pt\/wp-json\/wp\/v2\/tags?post=114821"}],"curies":[{"name":"wp","href":"https:\/\/api.w.org\/{rel}","templated":true}]}}