{"id":114825,"date":"2025-10-17T15:52:13","date_gmt":"2025-10-17T15:52:13","guid":{"rendered":"https:\/\/www.europesays.com\/pt\/114825\/"},"modified":"2025-10-17T15:52:13","modified_gmt":"2025-10-17T15:52:13","slug":"as-borlas-deste-fim-de-semana-no-oeste-new-in-oeste","status":"publish","type":"post","link":"https:\/\/www.europesays.com\/pt\/114825\/","title":{"rendered":"as borlas deste fim de semana no Oeste \u2014 New in Oeste"},"content":{"rendered":"<p>Este fim de semana, o Oeste ser\u00e1 novamente palco de v\u00e1rios eventos culturais, natureza e boa disposi\u00e7\u00e3o. De \u00d3bidos a Sobral de Monte Agra\u00e7o, passando pelo Bombarral e Cadaval, h\u00e1 propostas para todos os gostos \u2014 da literatura \u00e0 m\u00fasica, do cinema a um festival agr\u00edcola e do vinho \u2013 e tudo \u00e0 borla. O destaque vai, claro, para o segundo fim de semana do F\u00f3lio, o maior <a href=\"https:\/\/newinoeste.nit.pt\/cultura\/das-estreias-as-estrelas-do-folio-2-nobel-ricardo-araujo-pereira-e-joana-marques\" rel=\"nofollow noopener\" target=\"_blank\">festival<\/a> liter\u00e1rio nacional, que volta a encher as ruas e livrarias de <a href=\"https:\/\/foliofestival.pt\/\" target=\"_blank\" rel=\"nofollow noopener\">\u00d3bidos<\/a> com autores de todo o mundo, entre conversas, concertos e encontros inspiradores.<\/p>\n<p>Ap\u00f3s ter recebido a\u00a0<a href=\"https:\/\/newinoeste.nit.pt\/cultura\/svetlana-alexievich-no-folio-2025-em-vez-de-democratas-a-russia-criou-merdocratas\" rel=\"nofollow noopener\" target=\"_blank\">escritora<\/a> bielorrussa Svetlana Alexievich, o palco da tenda Vila Liter\u00e1ria prepara-se para acolher mais dois vencedores do Nobel da Literatura. Primeiro ser\u00e1 o sul-africano J. M. Coetzee, esta sexta-feira, e, no domingo, ser\u00e1 a vez do h\u00fangaro L\u00e1szl\u00f3 Krasznahorkai \u2013 o <a href=\"https:\/\/newinoeste.nit.pt\/cultura\/afinal-o-folio-nao-vai-receber-2-mas-3-vencedores-do-nobel-da-literatura\" rel=\"nofollow noopener\" target=\"_blank\">galardoado<\/a> deste ano. No s\u00e1bado, o festival contar\u00e1 ainda com outro dos momentos mais aguardados desta edi\u00e7\u00e3o: uma conversa entre Ricardo Ara\u00fajo Pereira e Joana Marques, sobre o tema \u201cliberdade\u201d.<\/p>\n<p>Mas nem s\u00f3 de livros se faz o fim de semana. No Cadaval, arranca este s\u00e1bado a 26.\u00aa Festa das <a href=\"https:\/\/newinoeste.nit.pt\/na-cidade\/os-vizinhos-uhf-e-david-antunes-vao-dar-concertos-gratuitos-no-cadaval\" rel=\"nofollow noopener\" target=\"_blank\">Adiafas<\/a> e o 22.\u00ba Festival Nacional do Vinho Leve, no Pavilh\u00e3o Jo\u00e3o Francisco Ribeiro Corr\u00eaa. Para celebrar o final das colheitas, poder\u00e1 contar com tasquinhas, provas de vinhos, tendas de artesanato, concertos e exposi\u00e7\u00f5es. Al\u00e9m disso, no s\u00e1bado ser\u00e1 a apresenta\u00e7\u00e3o das candidatas a Rainha das Adiafas, cujo concurso ir\u00e1 realizar-se no dia 26, para encerrar a festa.<\/p>\n<p>Haver\u00e1 ainda espa\u00e7o para a segunda edi\u00e7\u00e3o do <a href=\"https:\/\/newinoeste.nit.pt\/cultura\/festival-curtas-de-surf-regressa-a-lourinha-com-sessoes-e-workshops-gratuitos\" rel=\"nofollow noopener\" target=\"_blank\">Festival<\/a> de Curtas de Surf da Lourinh\u00e3, que ir\u00e1 passar pelo Centro Cultural Dr. Afonso Rodrigues Pereira, pela Galeria Parasol, pela Casa Nobre e pelo restaurante Impostor. Com v\u00e1rias sess\u00f5es de cinema, workshops e exposi\u00e7\u00f5es, este evento ir\u00e1 divulgar o trabalho de v\u00e1rios artistas nacionais e internacionais que captam ondas e surfistas pelo mundo fora.<\/p>\n<p>Confira abaixo as outras sugest\u00f5es da NiO para este fim de semana.<\/p>\n<p>Sexta-feira, 17 de outubro<\/p>\n<p><strong>18 horas<\/strong> \u2013 \u201cMesa 9: Mem\u00f3ria\u201d, com Lu\u00edsa Sobral, Joanna Elmy, Marta P\u00e9rez-Carbonell e modera\u00e7\u00e3o de Ana Daniela Soares, na tenda Vila Liter\u00e1ria do Festival F\u00f3lio, em \u00d3bidos.<\/p>\n<p><strong>18 horas<\/strong> \u2013 Apresenta\u00e7\u00e3o do livro \u201cN\u00e3o Sou um Rob\u00f4\u201d de Juan Villoro, com o autor e Luciana Leiderfarb, na Livraria Artes &amp; Letras, durante o Festival F\u00f3lio, em \u00d3bidos.<\/p>\n<p><strong>18h30<\/strong> \u2013 Apresenta\u00e7\u00e3o do livro \u201cUm Osso Quase Invis\u00edvel\u201d, de Lauren Mendinueta, com a autora e Gon\u00e7alo M. Tavares, na Galeria NovaOgiva, durante o Festival F\u00f3lio, em \u00d3bidos.<\/p>\n<p><strong>19 horas<\/strong> \u2013 Apresenta\u00e7\u00e3o da cole\u00e7\u00e3o de livros de hist\u00f3ria da Tinta da China, com Rui Tavares e Jos\u00e9 Pacheco Pereira, na tenda da editora no Festival F\u00f3lio, em \u00d3bidos.<\/p>\n<p><strong>21 horas<\/strong> \u2013 \u201cMesa 10\u201d conversa entre J. M. Coetzee e Alberto Manguel, na tenda Vila Liter\u00e1ria do Festival F\u00f3lio, em \u00d3bidos.<\/p>\n<p><strong>21h15<\/strong>\u00a0\u2013 Exibi\u00e7\u00e3o de curtas-metragens em competi\u00e7\u00e3o no Festival de Curtas de Surf da Lourinh\u00e3, no Centro Cultural Dr. Afonso Rodrigues Pereira.<\/p>\n<p>S\u00e1bado, 18 de outubro<\/p>\n<p><strong>10 \u00e0s 19 horas<\/strong> \u2013 Feira de artesanato \u201cMercadinho Real\u201d, no Parque Dom Carlos I, nas Caldas da Rainha.<\/p>\n<p><strong>10 horas<\/strong>\u00a0<strong>\u2013<\/strong>\u00a0Workshop de paisagem de surf com aguarela com Johny Vieira na Galeria Parasol, durante o Festival de Curtas de Surf da Lourinh\u00e3.<\/p>\n<p><strong>15 horas<\/strong>\u00a0<strong>\u2013<\/strong>\u00a0\u201cMesa 11: G\u00e9nero Liter\u00e1rio\u201d com Lu\u00edsa Costa Gomes, Teolinda Gers\u00e3o e modera\u00e7\u00e3o de Lu\u00eds Ricardo Duarte, na tenda Vila Liter\u00e1ria do Festival F\u00f3lio, em \u00d3bidos.<\/p>\n<p><strong>16 horas<\/strong>\u00a0<strong>\u2013<\/strong> Apresenta\u00e7\u00e3o do livro \u201cPor Dentro do Chega\u201d de Miguel Carvalho, com o autor, na Livraria do Mercado, durante o Festival F\u00f3lio, em \u00d3bidos.<\/p>\n<p><strong>16h30<\/strong> \u2013 Inaugura\u00e7\u00e3o oficial da Festa das Adiafas e Festival Nacional do Vinho Leve no Cadaval, no Pavilh\u00e3o Jo\u00e3o Francisco Ribeiro Corr\u00eaa.<\/p>\n<p><strong>16h30<\/strong>\u00a0<strong>\u2013<\/strong> Apresenta\u00e7\u00e3o da cole\u00e7\u00e3o de literatura humor\u00edstica da Tinta da China, por Ricardo Ara\u00fajo Pereira, na tenda da editora, no Festival F\u00f3lio, em \u00d3bidos.<\/p>\n<p><strong>17 horas<\/strong> \u2013 <a href=\"https:\/\/newinoeste.nit.pt\/na-cidade\/entre-colinas-e-canhoes-o-bombarral-regressa-a-1808-para-celebrar-a-batalha-da-rolica\" rel=\"nofollow noopener\" target=\"_blank\">Recria\u00e7\u00e3o<\/a> hist\u00f3rica da Batalha da Roli\u00e7a, no Largo do Munic\u00edpio, no Bombarral.<\/p>\n<p><strong>17 horas<\/strong>\u00a0<strong>\u2013<\/strong> Apresenta\u00e7\u00e3o do livro \u201cO Canto do Melro\u201d de Raquel Varela, com a autora, na Livraria de Santiago, durante o Festival F\u00f3lio, em \u00d3bidos.<\/p>\n<p><strong>18 horas<\/strong>\u00a0<strong>\u2013<\/strong>\u00a0\u201cMesa 12: Real\u201d com Jos\u00e9 Eduardo Agualusa e Giovana Madalosso e modera\u00e7\u00e3o de Maria Jo\u00e3o Costa, na tenda Vila Liter\u00e1ria do Festival F\u00f3lio, em \u00d3bidos.<\/p>\n<p><strong>21 horas<\/strong>\u00a0<strong>\u2013<\/strong>\u00a0\u201cMesa 13: Liberdade\u201d com Ricardo Ara\u00fajo Pereira e Joana Marques e modera\u00e7\u00e3o de Jos\u00e9 M\u00e1rio Silva, na tenda Vila Liter\u00e1ria do Festival F\u00f3lio, em \u00d3bidos.<\/p>\n<p><strong>21h30<\/strong> \u2013 Exibi\u00e7\u00e3o de curtas-metragens no Festival de Curtas de Surf da Lourinh\u00e3, no Centro Cultural Dr. Afonso Rodrigues Pereira.<\/p>\n<p><strong>22 horas<\/strong> \u2013 Apresenta\u00e7\u00e3o das candidatas a Rainha das Adiafas na Festa das Adiafas do Cadaval, no Pavilh\u00e3o Jo\u00e3o Francisco Ribeiro Corr\u00eaa.<\/p>\n<p><strong>22 horas \u2013<\/strong>\u00a0Concerto de O Gajo, no palco INATEL do Festival F\u00f3lio, em \u00d3bidos.<\/p>\n<p><strong>22h30<\/strong> \u2013 Concerto de Bico d\u2019Obra, na Festa das Adiafas do Cadaval, no Pavilh\u00e3o Jo\u00e3o Francisco Ribeiro Corr\u00eaa.<\/p>\n<p><strong>22h30<\/strong> \u2013 Conversa \u201cWater Cinematography\u201d, com Eduardo Vento, no Festival de Curtas de Surf da Lourinh\u00e3, no Centro Cultural Dr. Afonso Rodrigues Pereira.<\/p>\n<p><strong>22h50<\/strong> \u2013 Entrega de pr\u00e9mios do Festival de Curtas de Surf da Lourinh\u00e3, no Centro Cultural Dr. Afonso Rodrigues Pereira.<\/p>\n<p><strong>1h30<\/strong> \u2013 Atua\u00e7\u00e3o dos DJ Olha que Pimbalhada, na Festa das Adiafas do Cadaval, no Pavilh\u00e3o Jo\u00e3o Francisco Ribeiro Corr\u00eaa.<\/p>\n<p>Domingo, 19 de outubro<\/p>\n<p><strong>9h30<\/strong> \u2013 <a href=\"https:\/\/newinoeste.nit.pt\/fit\/a-marchinha-dos-fortes-pelos-trilhos-das-linhas-de-torres-em-sobral-de-monte-agraco\" rel=\"nofollow noopener\" target=\"_blank\">Marchinha<\/a> dos Fortes no Forte de Alqueid\u00e3o, em Sobral de Monte Agra\u00e7o.<\/p>\n<p><strong>10 \u00e0s 19 horas<\/strong> \u2013 Feira de artesanato \u201cMercadinho Real\u201d no Parque Dom Carlos I, nas Caldas da Rainha.<\/p>\n<p><strong>10 horas<\/strong> \u2013 Passeio de motas organizado pelos \u201cLobos do Montejunto\u201d na Festa das Adiafas do Cadaval, no Pavilh\u00e3o Jo\u00e3o Francisco Ribeiro Corr\u00eaa.<\/p>\n<p><strong>15 horas<\/strong> \u2013 Concerto da banda de rock covers R\u00e9dea Curta na Festa das Adiafas do Cadaval, no Pavilh\u00e3o Jo\u00e3o Francisco Ribeiro Corr\u00eaa.<\/p>\n<p><strong>15h30<\/strong>\u00a0<strong>\u2013<\/strong> Teatro de marionetas, no Convento de S\u00e3o Miguel, nas Gaeiras.<\/p>\n<p><strong>16 horas<\/strong>\u00a0<strong>\u2013<\/strong>\u00a0Conversa sobre a hist\u00f3ria contempor\u00e2nea entre Fernando Rosas, Jos\u00e9 Neves, Maria Jos\u00e9 Oliveira e Kathleen Gomes, na tenda da Tinta da China do Festival F\u00f3lio, em \u00d3bidos.<\/p>\n<p><strong>17 horas<\/strong>\u00a0<strong>\u2013<\/strong> \u201cMesa 15: Morte\u201d, com Lionel Shriver, Rui Cardoso Martins, L\u00e1szl\u00f3 Krasznahorkai e modera\u00e7\u00e3o de Isabel Lucas, na tenda Vila Liter\u00e1ria do Festival F\u00f3lio, em \u00d3bidos.<\/p>\n<p><strong>18 horas \u2013<\/strong> Conversa sobre a habita\u00e7\u00e3o e os grandes problemas da atualidade ,com Ana Drago, Mariana Mort\u00e1gua e Ricardo Santos, na tenda da Tinta da China do Festival F\u00f3lio, em \u00d3bidos.<\/p>\n<p><strong>22 horas<\/strong> \u2013 Cerim\u00f3nia de entrega dos pr\u00e9mios do 14.\u00ba Concurso de Vinhos Leves da Regi\u00e3o de Lisboa na Festa das Adiafas do Cadaval, no Pavilh\u00e3o Jo\u00e3o Francisco Ribeiro Corr\u00eaa.<\/p>\n<p><strong>22h30 <\/strong>\u2013 Concerto de Fado d\u2019Alma, na Festa das Adiafas do Cadaval, no Pavilh\u00e3o Jo\u00e3o Francisco Ribeiro Corr\u00eaa.<\/p>\n<p><strong>00 horas<\/strong> \u2013 Atua\u00e7\u00e3o do DJ Kaos, na Festa das Adiafas do Cadaval, no Pavilh\u00e3o Jo\u00e3o Francisco Ribeiro Corr\u00eaa.<\/p>\n","protected":false},"excerpt":{"rendered":"Este fim de semana, o Oeste ser\u00e1 novamente palco de v\u00e1rios eventos culturais, natureza e boa disposi\u00e7\u00e3o. De&hellip;\n","protected":false},"author":2,"featured_media":114826,"comment_status":"","ping_status":"","sticky":false,"template":"","format":"standard","meta":{"footnotes":""},"categories":[143],"tags":[169,114,115,170,32,33],"class_list":{"0":"post-114825","1":"post","2":"type-post","3":"status-publish","4":"format-standard","5":"has-post-thumbnail","7":"category-livros","8":"tag-books","9":"tag-entertainment","10":"tag-entretenimento","11":"tag-livros","12":"tag-portugal","13":"tag-pt"},"share_on_mastodon":{"url":"","error":""},"_links":{"self":[{"href":"https:\/\/www.europesays.com\/pt\/wp-json\/wp\/v2\/posts\/114825","targetHints":{"allow":["GET"]}}],"collection":[{"href":"https:\/\/www.europesays.com\/pt\/wp-json\/wp\/v2\/posts"}],"about":[{"href":"https:\/\/www.europesays.com\/pt\/wp-json\/wp\/v2\/types\/post"}],"author":[{"embeddable":true,"href":"https:\/\/www.europesays.com\/pt\/wp-json\/wp\/v2\/users\/2"}],"replies":[{"embeddable":true,"href":"https:\/\/www.europesays.com\/pt\/wp-json\/wp\/v2\/comments?post=114825"}],"version-history":[{"count":0,"href":"https:\/\/www.europesays.com\/pt\/wp-json\/wp\/v2\/posts\/114825\/revisions"}],"wp:featuredmedia":[{"embeddable":true,"href":"https:\/\/www.europesays.com\/pt\/wp-json\/wp\/v2\/media\/114826"}],"wp:attachment":[{"href":"https:\/\/www.europesays.com\/pt\/wp-json\/wp\/v2\/media?parent=114825"}],"wp:term":[{"taxonomy":"category","embeddable":true,"href":"https:\/\/www.europesays.com\/pt\/wp-json\/wp\/v2\/categories?post=114825"},{"taxonomy":"post_tag","embeddable":true,"href":"https:\/\/www.europesays.com\/pt\/wp-json\/wp\/v2\/tags?post=114825"}],"curies":[{"name":"wp","href":"https:\/\/api.w.org\/{rel}","templated":true}]}}