{"id":114829,"date":"2025-10-17T15:55:15","date_gmt":"2025-10-17T15:55:15","guid":{"rendered":"https:\/\/www.europesays.com\/pt\/114829\/"},"modified":"2025-10-17T15:55:15","modified_gmt":"2025-10-17T15:55:15","slug":"arena-tematica-de-star-wars-recebe-darth-vader-e-stormtrooper-neste-fim-de-semana-para-encontro-especial-saiba-tudo","status":"publish","type":"post","link":"https:\/\/www.europesays.com\/pt\/114829\/","title":{"rendered":"Arena tem\u00e1tica de Star Wars recebe Darth Vader e Stormtrooper neste fim de semana para encontro especial; saiba tudo"},"content":{"rendered":"\n<p>An\u00fancio:<\/p>\n<p><a href=\"https:\/\/web.santoandre.sp.gov.br\/\" aria-label=\"An\u00fancio - Prefeitura de Santo Andr\u00e9\" rel=\"nofollow noopener\" target=\"_blank\"><img loading=\"lazy\" decoding=\"async\" src=\"https:\/\/www.europesays.com\/pt\/wp-content\/uploads\/2025\/10\/prefsantoandreweb02.jpg\" alt=\"An\u00fancio - Prefeitura de Santo Andr\u00e9\"   width=\"1080\" height=\"600\"\/><\/a><\/p>\n<p>A <a href=\"https:\/\/www.instagram.com\/arenastarlaser\/\" rel=\"nofollow noopener\" target=\"_blank\"><strong>Arena Star Laser<\/strong><\/a> no Tiet\u00ea Plaza Shopping, (Av. Raimundo Pereira de Magalh\u00e3es, 1465, Jardim \u00cdris, S\u00e3o Paulo \u2013 SP), promove evento especial no s\u00e1bado, 19 de outubro, das 15h \u00e0s 16h, com a presen\u00e7a dos ic\u00f4nicos personagens <strong>Darth Vader e Stormtrooper de Star Wars.<\/strong> A sess\u00e3o acontece dentro da atra\u00e7\u00e3o e oferece oportunidade \u00fanica para f\u00e3s da saga tirarem fotos com os vil\u00f5es mais famosos da gal\u00e1xia muito, muito distante.<\/p>\n<p>O <strong>evento tem\u00e1tico<\/strong> acontece na \u00fanica Arena de Batalha Laser Tag Multi do Brasil, espa\u00e7o de mais de 250m\u00b2 que combina divers\u00e3o futur\u00edstica com ambiente espacial sensorial. Al\u00e9m da presen\u00e7a dos personagens, visitantes podem aproveitar mega piscina de 100 mil bolinhas, batalha de Laser Tag e play park completo em atmosfera que remete ao universo Star Wars.<\/p>\n<p> <img loading=\"lazy\" decoding=\"async\" class=\"wp-image-121229 size-full\" src=\"https:\/\/www.europesays.com\/pt\/wp-content\/uploads\/2025\/10\/Darth-Vader-e-Stormtrooper-1.jpg\" alt=\"Darth Vader e Stormtrooper\" width=\"800\" height=\"600\"  \/>Imagem: Reprodu\u00e7\u00e3o\/Instagram @arenastarlaser <\/p>\n<p>Os <strong>ingressos s\u00e3o limitados<\/strong> e est\u00e3o dispon\u00edveis <a href=\"https:\/\/bileto.sympla.com.br\/event\/107843\/d\/340297\" target=\"_blank\" rel=\"noopener nofollow\"><strong>atrav\u00e9s do Sympla clicando aqui!<\/strong><\/a> A Arena Star Laser funciona no andar t\u00e9rreo do Tiet\u00ea Plaza Shopping, localizado na Av. Raimundo Pereira de Magalh\u00e3es, 1465, Jardim \u00cdris, com hor\u00e1rio de segunda a s\u00e1bado das 10h \u00e0s 22h e domingos das 14h \u00e0s 20h.<\/p>\n<p>An\u00fancio:<\/p>\n<p><a href=\"https:\/\/www.centralplazashopping.com.br\/evento_2025_entreritmoserodas.php\" aria-label=\"Banner - Central Plaza Shopping\" rel=\"nofollow noopener\" target=\"_blank\"><img loading=\"lazy\" decoding=\"async\" src=\"https:\/\/www.europesays.com\/pt\/wp-content\/uploads\/2025\/09\/centralplaza.jpg\" alt=\"Banner - Central Plaza Shopping\"   width=\"600\" height=\"300\" style=\"display: inline-block;\"\/><\/a> Evento especial Star Wars <\/p>\n<p>A <strong>presen\u00e7a de Darth Vader e Stormtrooper<\/strong> transforma visita regular em experi\u00eancia tem\u00e1tica memor\u00e1vel. Os personagens, caracterizados com figurinos fi\u00e9is aos filmes, estar\u00e3o dispon\u00edveis para fotos e intera\u00e7\u00e3o com visitantes durante uma hora espec\u00edfica (15h \u00e0s 16h), criando momento \u00fanico para f\u00e3s da saga.<\/p>\n<p> <img loading=\"lazy\" decoding=\"async\" class=\"wp-image-121228 size-full\" src=\"https:\/\/www.europesays.com\/pt\/wp-content\/uploads\/2025\/10\/Darth-Vader-e-Stormtrooper-2.jpg\" alt=\"Darth Vader e Stormtrooper\" width=\"800\" height=\"600\"  \/>Imagem: Reprodu\u00e7\u00e3o\/Instagram @arenastarlaser <\/p>\n<p>A <strong>limita\u00e7\u00e3o de ingressos<\/strong> garante experi\u00eancia mais exclusiva e personalizada, evitando aglomera\u00e7\u00e3o excessiva que poderia comprometer qualidade da intera\u00e7\u00e3o com personagens e aproveitamento das atividades dispon\u00edveis na arena.<\/p>\n<p> Divers\u00e3o para toda fam\u00edlia <\/p>\n<p>A <strong>Arena Star Laser<\/strong> foi projetada pensando em entretenimento familiar, oferecendo atividades adequadas para diferentes faixas et\u00e1rias. Enquanto adolescentes e adultos podem participar das batalhas Laser Tag, crian\u00e7as menores se divertem na piscina de bolinhas e play park sensorial.<\/p>\n<p> <img loading=\"lazy\" decoding=\"async\" class=\"wp-image-121227 size-full\" src=\"https:\/\/www.europesays.com\/pt\/wp-content\/uploads\/2025\/10\/Darth-Vader-e-Stormtrooper-3.jpg\" alt=\"Darth Vader e Stormtrooper\" width=\"800\" height=\"600\"  \/>Imagem: Reprodu\u00e7\u00e3o\/Instagram @arenastarlaser <\/p>\n<p>O <strong>ambiente espacial<\/strong> desperta imagina\u00e7\u00e3o e curiosidade, especialmente em crian\u00e7as interessadas em fic\u00e7\u00e3o cient\u00edfica e aventuras espaciais. Decora\u00e7\u00e3o tem\u00e1tica, efeitos sonoros e ilumina\u00e7\u00e3o especial criam atmosfera que estimula criatividade e intera\u00e7\u00e3o social.<\/p>\n<p> Informa\u00e7\u00f5es <\/p>\n<ul>\n<li><strong>Evento:<\/strong> Darth Vader &amp; Stormtrooper na Arena Star Laser<\/li>\n<li><strong>Data:<\/strong> S\u00e1bado, 19 de outubro de 2025<\/li>\n<li><strong>Hor\u00e1rio:<\/strong> 15h \u00e0s 16h<\/li>\n<li><strong>Local:<\/strong> Arena Star Laser \u2013 Tiet\u00ea Plaza Shopping (Andar T\u00e9rreo)<\/li>\n<li><strong>Endere\u00e7o:<\/strong> Av. Raimundo Pereira de Magalh\u00e3es, 1465, Jardim \u00cdris, S\u00e3o Paulo \u2013 SP<\/li>\n<li><strong style=\"font-size: 14px;\">Instagram:<\/strong><a href=\"https:\/\/www.instagram.com\/arenastarlaser\/\" target=\"_blank\" rel=\"noopener nofollow\"><strong> @arenastarlaser<\/strong><\/a><\/li>\n<li><strong>Ingressos:\u00a0<\/strong><a href=\"https:\/\/bileto.sympla.com.br\/event\/107843\/d\/340297\" target=\"_blank\" rel=\"noopener nofollow\"><strong>clique aqui para adquirir o seu!<\/strong><\/a><\/li>\n<\/ul>\n<p> <img loading=\"lazy\" decoding=\"async\" class=\"wp-image-121226 size-full\" src=\"https:\/\/www.europesays.com\/pt\/wp-content\/uploads\/2025\/10\/Darth-Vader-e-Stormtrooper-4.jpg\" alt=\"Darth Vader e Stormtrooper\" width=\"800\" height=\"600\"  \/>Imagem: Reprodu\u00e7\u00e3o\/Instagram @arenastarlaser <\/p>\n<p>Uma <strong>oportunidade \u00fanica<\/strong> de vivenciar Star Wars na vida real! A Arena Star Laser oferece experi\u00eancia imersiva que combina tecnologia de ponta, divers\u00e3o familiar e agora presen\u00e7a de personagens ic\u00f4nicos da saga mais famosa do cinema.<\/p>\n<p><strong>Quer saber mais na palma da sua m\u00e3o?<\/strong><\/p>\n<p> <strong><a style=\"color: #008000;\" href=\"https:\/\/vipzinho.com.br\/whatstodos\" rel=\"nofollow noopener\" target=\"_blank\">Fa\u00e7a parte do nosso grupo de WhatsApp e receba boletins di\u00e1rios com tudo para as crian\u00e7as. Clique aqui e participe!<\/a>\u00a0<\/strong> <\/p>\n<p>An\u00fancio:<\/p>\n<p><a href=\"https:\/\/vipzinho.com.br\/site-playmania\" aria-label=\"Playcenter - Banner de Outubro\" rel=\"nofollow noopener\" target=\"_blank\"><img loading=\"lazy\" decoding=\"async\" src=\"https:\/\/www.europesays.com\/pt\/wp-content\/uploads\/2025\/10\/Playcenter-outubro.jpg\" alt=\"Playcenter - Banner de Outubro\"   width=\"336\" height=\"336\" style=\"display: inline-block;\"\/><\/a> \t\t\t\t \t\t \t\t \t\t \t<script async src=\"\/\/www.instagram.com\/embed.js\"><\/script><\/p>\n","protected":false},"excerpt":{"rendered":"An\u00fancio: A Arena Star Laser no Tiet\u00ea Plaza Shopping, (Av. Raimundo Pereira de Magalh\u00e3es, 1465, Jardim \u00cdris, S\u00e3o&hellip;\n","protected":false},"author":2,"featured_media":114830,"comment_status":"","ping_status":"","sticky":false,"template":"","format":"standard","meta":{"footnotes":""},"categories":[140],"tags":[26956,26957,114,115,147,148,26958,146,32,33,654,10685,5418,26959,26960],"class_list":{"0":"post-114829","1":"post","2":"type-post","3":"status-publish","4":"format-standard","5":"has-post-thumbnail","7":"category-filmes","8":"tag-arena-star-laser","9":"tag-darth-vader","10":"tag-entertainment","11":"tag-entretenimento","12":"tag-film","13":"tag-filmes","14":"tag-laser-tag","15":"tag-movies","16":"tag-portugal","17":"tag-pt","18":"tag-sao-paulo","19":"tag-shopping","20":"tag-star-wars","21":"tag-stormtrooper","22":"tag-tiete-plaza-shopping"},"share_on_mastodon":{"url":"","error":""},"_links":{"self":[{"href":"https:\/\/www.europesays.com\/pt\/wp-json\/wp\/v2\/posts\/114829","targetHints":{"allow":["GET"]}}],"collection":[{"href":"https:\/\/www.europesays.com\/pt\/wp-json\/wp\/v2\/posts"}],"about":[{"href":"https:\/\/www.europesays.com\/pt\/wp-json\/wp\/v2\/types\/post"}],"author":[{"embeddable":true,"href":"https:\/\/www.europesays.com\/pt\/wp-json\/wp\/v2\/users\/2"}],"replies":[{"embeddable":true,"href":"https:\/\/www.europesays.com\/pt\/wp-json\/wp\/v2\/comments?post=114829"}],"version-history":[{"count":0,"href":"https:\/\/www.europesays.com\/pt\/wp-json\/wp\/v2\/posts\/114829\/revisions"}],"wp:featuredmedia":[{"embeddable":true,"href":"https:\/\/www.europesays.com\/pt\/wp-json\/wp\/v2\/media\/114830"}],"wp:attachment":[{"href":"https:\/\/www.europesays.com\/pt\/wp-json\/wp\/v2\/media?parent=114829"}],"wp:term":[{"taxonomy":"category","embeddable":true,"href":"https:\/\/www.europesays.com\/pt\/wp-json\/wp\/v2\/categories?post=114829"},{"taxonomy":"post_tag","embeddable":true,"href":"https:\/\/www.europesays.com\/pt\/wp-json\/wp\/v2\/tags?post=114829"}],"curies":[{"name":"wp","href":"https:\/\/api.w.org\/{rel}","templated":true}]}}