{"id":114839,"date":"2025-10-17T16:02:12","date_gmt":"2025-10-17T16:02:12","guid":{"rendered":"https:\/\/www.europesays.com\/pt\/114839\/"},"modified":"2025-10-17T16:02:12","modified_gmt":"2025-10-17T16:02:12","slug":"eleicoes-autarquicas-recontagem-dos-votos-no-montijo-reafirma-vitoria-de-movimento-independente","status":"publish","type":"post","link":"https:\/\/www.europesays.com\/pt\/114839\/","title":{"rendered":"Elei\u00e7\u00f5es aut\u00e1rquicas: recontagem dos votos no Montijo reafirma vit\u00f3ria de movimento independente"},"content":{"rendered":"<p class=\"category\"><a href=\"https:\/\/sicnoticias.pt\/pais\" rel=\"nofollow noopener\" target=\"_blank\">Pa\u00eds<\/a><\/p>\n<p>Movimento \u2018Montijo com Vis\u00e3o e Cora\u00e7\u00e3o\u2019 venceu a Junta de Freguesia de Peg\u00f5es disputada pelo Chega. Diferen\u00e7a de 10 votos confirma-se. <\/p>\n<p><img decoding=\"async\" src=\"https:\/\/www.europesays.com\/pt\/wp-content\/uploads\/2025\/10\/1760716932_696_original.webp\" alt=\"Elei\u00e7\u00f5es aut\u00e1rquicas: recontagem dos votos no Montijo reafirma vit\u00f3ria de movimento independente\"\/><\/p>\n<p>Canva<\/p>\n<p><strong>A recontagem dos votos das elei\u00e7\u00f5es aut\u00e1rquicas na C\u00e2mara Municipal do Montijo, a pedido do Chega, a segunda for\u00e7a mais votada no concelho, reafirmaram a vit\u00f3ria do movimento independente &#8216;Montijo com Vis\u00e3o e Cora\u00e7\u00e3o&#8217;, liderado por Fernando Caria.<\/strong><\/p>\n<p>Apenas <strong>10 votos separaram o movimento independente do Chega <\/strong>na Junta de Freguesia de Peg\u00f5es, elegendo Carla Pereira, segundo deu conta esta sexta-feira o jornal <a href=\"https:\/\/diariodistrito.sapo.pt\/autarquicas-recontagem-de-votos-em-pegoes-confirma-vitoria-do-montijo-com-visao-e-coracao-por-dez-votos\/?fsp_sid=133225&amp;fbclid=IwdGRzaANfH6pleHRuA2FlbQIxMQABHuP2Wk9yUiOaJ4LD8YslYweGouT0XDUGIUYXAbeHIzTG0iwi8ogv2EmsUwY__aem_w59Nt9dSoTxnsydXLY5FSA&amp;sfnsn=wa\" target=\"_blank\" rel=\"noopener noreferrer nofollow\">Di\u00e1rio do Distrito.<\/a><\/p>\n<p style=\"text-align: start;\">Nesta vota\u00e7\u00e3o &#8211; que motivou o pedido de recontagem dos votos &#8211; o <strong>Chega obteve 485 votos e o \u2018Montijo com Vis\u00e3o e Cora\u00e7\u00e3o\u2019 495<\/strong>, confirmando-se a diferen\u00e7a de dez votos anteriormente verificada. <\/p>\n<p style=\"text-align: start;\">Por sua vez, o<strong> Chega venceu a vota\u00e7\u00e3o para a Assembleia Municipal<\/strong> e para a<strong> Uni\u00e3o das Freguesias de Atalaia e Alto Estanqueiro-Jardia<\/strong>, elegendo Pedro Ara\u00fajo. <\/p>\n<p style=\"text-align: start;\">No Montijo, o <strong>PS<\/strong>, que liderou a autarquia durante 28 anos, <strong>perdeu para o movimento &#8220;Montijo com Vis\u00e3o e Cora\u00e7\u00e3o&#8221;<\/strong>, liderado por Fernando Caria, um dissidente do partido que conseguiu superar o candidato socialista. Assim, os <strong>independentes garantiram tr\u00eas munic\u00edpios<\/strong> no distrito de Set\u00fabal &#8211; Montijo, Santiago do Cac\u00e9m e Set\u00fabal.<\/p>\n","protected":false},"excerpt":{"rendered":"Pa\u00eds Movimento \u2018Montijo com Vis\u00e3o e Cora\u00e7\u00e3o\u2019 venceu a Junta de Freguesia de Peg\u00f5es disputada pelo Chega. Diferen\u00e7a&hellip;\n","protected":false},"author":2,"featured_media":114840,"comment_status":"","ping_status":"","sticky":false,"template":"","format":"standard","meta":{"footnotes":""},"categories":[10],"tags":[27,28,15,16,14,25,26,21,22,12,13,19,20,32,23,24,33,17,18,29,30,31],"class_list":{"0":"post-114839","1":"post","2":"type-post","3":"status-publish","4":"format-standard","5":"has-post-thumbnail","7":"category-portugal","8":"tag-breaking-news","9":"tag-breakingnews","10":"tag-featured-news","11":"tag-featurednews","12":"tag-headlines","13":"tag-latest-news","14":"tag-latestnews","15":"tag-main-news","16":"tag-mainnews","17":"tag-news","18":"tag-noticias","19":"tag-noticias-principais","20":"tag-noticiasprincipais","21":"tag-portugal","22":"tag-principais-noticias","23":"tag-principaisnoticias","24":"tag-pt","25":"tag-top-stories","26":"tag-topstories","27":"tag-ultimas","28":"tag-ultimas-noticias","29":"tag-ultimasnoticias"},"share_on_mastodon":{"url":"","error":""},"_links":{"self":[{"href":"https:\/\/www.europesays.com\/pt\/wp-json\/wp\/v2\/posts\/114839","targetHints":{"allow":["GET"]}}],"collection":[{"href":"https:\/\/www.europesays.com\/pt\/wp-json\/wp\/v2\/posts"}],"about":[{"href":"https:\/\/www.europesays.com\/pt\/wp-json\/wp\/v2\/types\/post"}],"author":[{"embeddable":true,"href":"https:\/\/www.europesays.com\/pt\/wp-json\/wp\/v2\/users\/2"}],"replies":[{"embeddable":true,"href":"https:\/\/www.europesays.com\/pt\/wp-json\/wp\/v2\/comments?post=114839"}],"version-history":[{"count":0,"href":"https:\/\/www.europesays.com\/pt\/wp-json\/wp\/v2\/posts\/114839\/revisions"}],"wp:featuredmedia":[{"embeddable":true,"href":"https:\/\/www.europesays.com\/pt\/wp-json\/wp\/v2\/media\/114840"}],"wp:attachment":[{"href":"https:\/\/www.europesays.com\/pt\/wp-json\/wp\/v2\/media?parent=114839"}],"wp:term":[{"taxonomy":"category","embeddable":true,"href":"https:\/\/www.europesays.com\/pt\/wp-json\/wp\/v2\/categories?post=114839"},{"taxonomy":"post_tag","embeddable":true,"href":"https:\/\/www.europesays.com\/pt\/wp-json\/wp\/v2\/tags?post=114839"}],"curies":[{"name":"wp","href":"https:\/\/api.w.org\/{rel}","templated":true}]}}