{"id":114843,"date":"2025-10-17T16:07:03","date_gmt":"2025-10-17T16:07:03","guid":{"rendered":"https:\/\/www.europesays.com\/pt\/114843\/"},"modified":"2025-10-17T16:07:03","modified_gmt":"2025-10-17T16:07:03","slug":"exposicao-e-lancamento-do-livro-cartografia-do-desejo-de-alfredo-cunha","status":"publish","type":"post","link":"https:\/\/www.europesays.com\/pt\/114843\/","title":{"rendered":"Exposi\u00e7\u00e3o e lan\u00e7amento do livro Cartografia do Desejo de Alfredo Cunha"},"content":{"rendered":"<p>\t\t\t\t\t\t                        Literatura<\/p>\n<p>\n                        Encontro decorre esta sexta-feira, \u00e0s 18h30, na galeria Ochre Space, em Lisboa.                        <\/p>\n<p class=\"event_list_info\">\n<p>\t\t\t\t\t\t\t\t\t\t                                        17 Out  2025\u00a0\u00a0|\u00a0\u00a018h30\n                                                                            <\/p>\n<p>Ochre Space<\/p>\n<p>R. da Bica do Marqu\u00eas 31-A r\/c, 1300-087 Lisboa<\/p>\n<p>                        \tO autor, a Guerra e Paz e o Ochre Space t\u00eam a honra de convidar para a exposi\u00e7\u00e3o e sess\u00e3o de lan\u00e7amento do livro Cartografia do Desejo, de Alfredo Cunha, no dia 17 de Outubro, sexta-feira, \u00e0s 18h30, na galeria Ochre Space, em Lisboa.<\/p>\n<p>O livro ser\u00e1 apresentado por Jo\u00e3o Miguel Barros.                        \t   <\/p>\n","protected":false},"excerpt":{"rendered":"Literatura Encontro decorre esta sexta-feira, \u00e0s 18h30, na galeria Ochre Space, em Lisboa. 17 Out 2025\u00a0\u00a0|\u00a0\u00a018h30 Ochre Space&hellip;\n","protected":false},"author":2,"featured_media":114844,"comment_status":"","ping_status":"","sticky":false,"template":"","format":"standard","meta":{"footnotes":""},"categories":[143],"tags":[9226,207,169,10650,470,315,3144,114,115,10648,170,150,10649,419,32,33,2387],"class_list":{"0":"post-114843","1":"post","2":"type-post","3":"status-publish","4":"format-standard","5":"has-post-thumbnail","7":"category-livros","8":"tag-agenda-cultural","9":"tag-arte","10":"tag-books","11":"tag-centro-nacional-de-cultura","12":"tag-cinema","13":"tag-cultura","14":"tag-danca","15":"tag-entertainment","16":"tag-entretenimento","17":"tag-exposicoes","18":"tag-livros","19":"tag-musica","20":"tag-obras-de-referencia","21":"tag-patrimonio","22":"tag-portugal","23":"tag-pt","24":"tag-teatro"},"share_on_mastodon":{"url":"","error":""},"_links":{"self":[{"href":"https:\/\/www.europesays.com\/pt\/wp-json\/wp\/v2\/posts\/114843","targetHints":{"allow":["GET"]}}],"collection":[{"href":"https:\/\/www.europesays.com\/pt\/wp-json\/wp\/v2\/posts"}],"about":[{"href":"https:\/\/www.europesays.com\/pt\/wp-json\/wp\/v2\/types\/post"}],"author":[{"embeddable":true,"href":"https:\/\/www.europesays.com\/pt\/wp-json\/wp\/v2\/users\/2"}],"replies":[{"embeddable":true,"href":"https:\/\/www.europesays.com\/pt\/wp-json\/wp\/v2\/comments?post=114843"}],"version-history":[{"count":0,"href":"https:\/\/www.europesays.com\/pt\/wp-json\/wp\/v2\/posts\/114843\/revisions"}],"wp:featuredmedia":[{"embeddable":true,"href":"https:\/\/www.europesays.com\/pt\/wp-json\/wp\/v2\/media\/114844"}],"wp:attachment":[{"href":"https:\/\/www.europesays.com\/pt\/wp-json\/wp\/v2\/media?parent=114843"}],"wp:term":[{"taxonomy":"category","embeddable":true,"href":"https:\/\/www.europesays.com\/pt\/wp-json\/wp\/v2\/categories?post=114843"},{"taxonomy":"post_tag","embeddable":true,"href":"https:\/\/www.europesays.com\/pt\/wp-json\/wp\/v2\/tags?post=114843"}],"curies":[{"name":"wp","href":"https:\/\/api.w.org\/{rel}","templated":true}]}}