{"id":114857,"date":"2025-10-17T16:19:32","date_gmt":"2025-10-17T16:19:32","guid":{"rendered":"https:\/\/www.europesays.com\/pt\/114857\/"},"modified":"2025-10-17T16:19:32","modified_gmt":"2025-10-17T16:19:32","slug":"empresa-da-espanhola-iberia-em-primeiro-lugar-no-concurso-para-handling-nos-aeroportos-portugueses-2","status":"publish","type":"post","link":"https:\/\/www.europesays.com\/pt\/114857\/","title":{"rendered":"Empresa da espanhola Iberia em primeiro lugar no concurso para handling nos aeroportos portugueses"},"content":{"rendered":"<p>O j\u00fari do concurso para a atribui\u00e7\u00e3o de licen\u00e7as de handling (servi\u00e7os de suporte prestados em terra no aeroporto) recomendou <strong>como vencedor o cons\u00f3rcio espanhol que junta a Clece e a South, uma empresa do grupo Iberia. Em segundo lugar ficou a Menzies<\/strong>, que j\u00e1 esclareceu que ir\u00e1 contestar o relat\u00f3rio. A decis\u00e3o do j\u00fari, liderado por regulador (Autoridade Nacional da Avia\u00e7\u00e3o Civil) e presidido por Sofia Sim\u00f5es, \u00e9 ainda uma decis\u00e3o preliminar.<\/p>\n<p><a href=\"https:\/\/expresso.pt\/subscrever?action=GEN&amp;channel=VID&amp;type=CAP&amp;source=WEB&amp;returnUrl=https:\/\/expresso.pt\/economia\/2025-10-16-empresa-da-espanhola-iberia-em-primeiro-lugar-no-concurso-para-handling-nos-aeroportos-portugueses-0dd2d5bf?_gl\\u003d1*1vgt6m5*_ga*Sl90ODcwelY3MjItQmZLZWlKeFViM3RTRktjR1J6NzljeklBaHlJYkdJYTQyVFNVdUhfU19CN1o0TG9KUy1HYw..=&amp;utm_source=expresso&amp;utm_medium=locked_article&amp;locked=true&amp;article_id=b53cd683-34dc-4ddf-a1bd-4694272227af&amp;author_id=Anabela+Campos&amp;category=Economia\" target=\"_self\" class=\"\" rel=\"nofollow noopener\">Subscrever<\/a>J\u00e1 \u00e9 Subscritor?Fa\u00e7a login e continue a ler<a href=\"http:\/\/expresso.pt\/codigo?redirectUrl=https:\/\/expresso.pt\/economia\/2025-10-16-empresa-da-espanhola-iberia-em-primeiro-lugar-no-concurso-para-handling-nos-aeroportos-portugueses-0dd2d5bf?_gl\\u003d1*1vgt6m5*_ga*Sl90ODcwelY3MjItQmZLZWlKeFViM3RTRktjR1J6NzljeklBaHlJYkdJYTQyVFNVdUhfU19CN1o0TG9KUy1HYw..=\" target=\"_self\" class=\"\" rel=\"nofollow noopener\">Inserir C\u00f3digo<\/a>Comprou o Expresso?Insira o c\u00f3digo presente na Revista E para continuar a ler<\/p>\n","protected":false},"excerpt":{"rendered":"O j\u00fari do concurso para a atribui\u00e7\u00e3o de licen\u00e7as de handling (servi\u00e7os de suporte prestados em terra no&hellip;\n","protected":false},"author":2,"featured_media":113383,"comment_status":"","ping_status":"","sticky":false,"template":"","format":"standard","meta":{"footnotes":""},"categories":[10],"tags":[27,28,15,16,14,25,26,21,22,12,13,19,20,32,23,24,33,17,18,29,30,31],"class_list":{"0":"post-114857","1":"post","2":"type-post","3":"status-publish","4":"format-standard","5":"has-post-thumbnail","7":"category-portugal","8":"tag-breaking-news","9":"tag-breakingnews","10":"tag-featured-news","11":"tag-featurednews","12":"tag-headlines","13":"tag-latest-news","14":"tag-latestnews","15":"tag-main-news","16":"tag-mainnews","17":"tag-news","18":"tag-noticias","19":"tag-noticias-principais","20":"tag-noticiasprincipais","21":"tag-portugal","22":"tag-principais-noticias","23":"tag-principaisnoticias","24":"tag-pt","25":"tag-top-stories","26":"tag-topstories","27":"tag-ultimas","28":"tag-ultimas-noticias","29":"tag-ultimasnoticias"},"share_on_mastodon":{"url":"","error":""},"_links":{"self":[{"href":"https:\/\/www.europesays.com\/pt\/wp-json\/wp\/v2\/posts\/114857","targetHints":{"allow":["GET"]}}],"collection":[{"href":"https:\/\/www.europesays.com\/pt\/wp-json\/wp\/v2\/posts"}],"about":[{"href":"https:\/\/www.europesays.com\/pt\/wp-json\/wp\/v2\/types\/post"}],"author":[{"embeddable":true,"href":"https:\/\/www.europesays.com\/pt\/wp-json\/wp\/v2\/users\/2"}],"replies":[{"embeddable":true,"href":"https:\/\/www.europesays.com\/pt\/wp-json\/wp\/v2\/comments?post=114857"}],"version-history":[{"count":0,"href":"https:\/\/www.europesays.com\/pt\/wp-json\/wp\/v2\/posts\/114857\/revisions"}],"wp:featuredmedia":[{"embeddable":true,"href":"https:\/\/www.europesays.com\/pt\/wp-json\/wp\/v2\/media\/113383"}],"wp:attachment":[{"href":"https:\/\/www.europesays.com\/pt\/wp-json\/wp\/v2\/media?parent=114857"}],"wp:term":[{"taxonomy":"category","embeddable":true,"href":"https:\/\/www.europesays.com\/pt\/wp-json\/wp\/v2\/categories?post=114857"},{"taxonomy":"post_tag","embeddable":true,"href":"https:\/\/www.europesays.com\/pt\/wp-json\/wp\/v2\/tags?post=114857"}],"curies":[{"name":"wp","href":"https:\/\/api.w.org\/{rel}","templated":true}]}}