{"id":114859,"date":"2025-10-17T16:27:14","date_gmt":"2025-10-17T16:27:14","guid":{"rendered":"https:\/\/www.europesays.com\/pt\/114859\/"},"modified":"2025-10-17T16:27:14","modified_gmt":"2025-10-17T16:27:14","slug":"marcia-soares-faz-esclarecimento-sobre-ligacao-com-candido-pereira-para-que-nunca-haja-duvidas","status":"publish","type":"post","link":"https:\/\/www.europesays.com\/pt\/114859\/","title":{"rendered":"Marcia Soares faz esclarecimento sobre liga\u00e7\u00e3o com C\u00e2ndido Pereira: &#8220;Para que nunca haja d\u00favidas&#8221;"},"content":{"rendered":"<p>A liga\u00e7\u00e3o criada entre Marcia Soares e <a href=\"https:\/\/selfie.iol.pt\/famosos\/jessica-vieira\/um-destes-dois-concorrentes-vai-ganhar-o-big-brother-verao-palavra-de-candido-pereira\/20250831\/68b0bfd7d34ef72ee449ea26\" target=\"_blank\" rel=\"nofollow noopener\">C\u00e2ndido Pereira<\/a>, quando ambos est\u00e3o presentes nos mesmos programas dedicados \u00e0 nona edi\u00e7\u00e3o de &#8220;<a href=\"https:\/\/tvi.iol.pt\/secretstory\/\" target=\"_blank\" rel=\"nofollow noopener\">Secret Story<\/a> &#8211; Casa dos Segredos&#8221;, n\u00e3o tem deixado os telespectadores do reality shows da <a href=\"https:\/\/tvi.iol.pt\/\" target=\"_blank\" rel=\"nofollow noopener\">TVI<\/a>. Picardias saud\u00e1veis e bate-bocas caricatos t\u00eam\u00a0pautado as intera\u00e7\u00f5es entre ambos.<\/p>\n<p>Por causa disso mesmo, Marcia Soares fez quest\u00e3o de fazer um esclarecimento junto dos seguidores que soma no X, antigo Twitter, e que n\u00e3o deixa margem para d\u00favidas sobre a rela\u00e7\u00e3o profissional dos dois.<\/p>\n<p>&#8220;Para que nunca haja d\u00favidas, o C\u00e2ndido e eu estamos sempre super alinhados. Opini\u00f5es diferentes, mas &#8216;migas e manas para sempre&#8221;, brincou a tamb\u00e9m influenciadora digital, colocando de lado a ideia de que tem uma liga\u00e7\u00e3o conflituosa com <a href=\"https:\/\/selfie.iol.pt\/famosos\/candido-pereira\/nem-imagina-o-que-assusta-candido-pereira-e-o-que-o-fascina\/20250908\/68a6f599d34ef72ee449a6f6\" target=\"_blank\" rel=\"nofollow noopener\">C\u00e2ndido Pereira<\/a>.<\/p>\n<p>Veja, agora, nas galerias que prepar\u00e1mos para si, as melhores imagens de Marcia Soares.<\/p>\n<blockquote class=\"twitter-tweet\">\n<p lang=\"pt\">Para que nunca haja d\u00favidas o C\u00e2ndido e eu estamos sempre super alinhados, opini\u00f5es diferentes mas MIGAS E MANAS FOREEEEEEVER <a href=\"https:\/\/t.co\/lSGQJgm7Yz\" rel=\"nofollow\">https:\/\/t.co\/lSGQJgm7Yz<\/a><\/p>\n<p> \u2014 Marcia Soares (@MarciaSoaresbb) <a href=\"https:\/\/twitter.com\/MarciaSoaresbb\/status\/1978808079979290886?ref_src=twsrc%5Etfw\" rel=\"nofollow noopener\" target=\"_blank\">October 16, 2025<\/a>\n<\/p><\/blockquote>\n<p>\u00a0<\/p>\n<p>                        <script async src=\"https:\/\/platform.twitter.com\/widgets.js\" charset=\"utf-8\"><\/script><\/p>\n","protected":false},"excerpt":{"rendered":"A liga\u00e7\u00e3o criada entre Marcia Soares e C\u00e2ndido Pereira, quando ambos est\u00e3o presentes nos mesmos programas dedicados \u00e0&hellip;\n","protected":false},"author":2,"featured_media":114860,"comment_status":"","ping_status":"","sticky":false,"template":"","format":"standard","meta":{"footnotes":""},"categories":[142],"tags":[15374,2632,13471,13933,6980,2287,114,115,20987,980,2038,619,32,33,1014,1315,6985,16687,16686,1012,6986,16688,151,162,3664,2512],"class_list":{"0":"post-114859","1":"post","2":"type-post","3":"status-publish","4":"format-standard","5":"has-post-thumbnail","7":"category-tv","8":"tag-candido-pereira","9":"tag-casa-dos-segredos","10":"tag-casa-dos-segredos-9","11":"tag-comentador","12":"tag-comentadora","13":"tag-diario","14":"tag-entertainment","15":"tag-entretenimento","16":"tag-extra","17":"tag-famosos","18":"tag-marcia-soares","19":"tag-nacional","20":"tag-portugal","21":"tag-pt","22":"tag-reality-show","23":"tag-secret-story","24":"tag-secret-story-casa-dos-segredos","25":"tag-secret-story-casa-dos-segredos-9","26":"tag-secret-story-9","27":"tag-selfie","28":"tag-ss","29":"tag-ss9","30":"tag-tv","31":"tag-tvi","32":"tag-twitter","33":"tag-ultima-hora"},"share_on_mastodon":{"url":"","error":""},"_links":{"self":[{"href":"https:\/\/www.europesays.com\/pt\/wp-json\/wp\/v2\/posts\/114859","targetHints":{"allow":["GET"]}}],"collection":[{"href":"https:\/\/www.europesays.com\/pt\/wp-json\/wp\/v2\/posts"}],"about":[{"href":"https:\/\/www.europesays.com\/pt\/wp-json\/wp\/v2\/types\/post"}],"author":[{"embeddable":true,"href":"https:\/\/www.europesays.com\/pt\/wp-json\/wp\/v2\/users\/2"}],"replies":[{"embeddable":true,"href":"https:\/\/www.europesays.com\/pt\/wp-json\/wp\/v2\/comments?post=114859"}],"version-history":[{"count":0,"href":"https:\/\/www.europesays.com\/pt\/wp-json\/wp\/v2\/posts\/114859\/revisions"}],"wp:featuredmedia":[{"embeddable":true,"href":"https:\/\/www.europesays.com\/pt\/wp-json\/wp\/v2\/media\/114860"}],"wp:attachment":[{"href":"https:\/\/www.europesays.com\/pt\/wp-json\/wp\/v2\/media?parent=114859"}],"wp:term":[{"taxonomy":"category","embeddable":true,"href":"https:\/\/www.europesays.com\/pt\/wp-json\/wp\/v2\/categories?post=114859"},{"taxonomy":"post_tag","embeddable":true,"href":"https:\/\/www.europesays.com\/pt\/wp-json\/wp\/v2\/tags?post=114859"}],"curies":[{"name":"wp","href":"https:\/\/api.w.org\/{rel}","templated":true}]}}