{"id":114892,"date":"2025-10-17T16:50:28","date_gmt":"2025-10-17T16:50:28","guid":{"rendered":"https:\/\/www.europesays.com\/pt\/114892\/"},"modified":"2025-10-17T16:50:28","modified_gmt":"2025-10-17T16:50:28","slug":"abuso-de-poder-narcisico-mitha-ribeiro-vira-costas-ao-chega-com-dedo-apontado-a-ventura","status":"publish","type":"post","link":"https:\/\/www.europesays.com\/pt\/114892\/","title":{"rendered":"&#8220;Abuso de poder narc\u00edsico&#8221;. Mith\u00e1 Ribeiro vira costas ao Chega com dedo apontado a Ventura"},"content":{"rendered":"<p>&#13;<br \/>\nO ex-parlamentar do Chega confirma que saiu da Assembleia da Rep\u00fablica e que se desfiliou do partido a 22 de setembro, depois de ter ficado fora do governo-sombra escolhido por Andr\u00e9 Ventura.&#13;\n<\/p>\n<p>&#13;<br \/>\nS\u00e3o muitos os adjetivos com que Gabriel Mith\u00e1 Ribeiro fala sobre Ventura. Todos t\u00eam carga negativa.\u00a0No longo texto, l\u00ea-se que o l\u00edder do Chega \u00e9 um \u201cpredador narc\u00edsico\u201d que \u201cabusa de poder\u201d e cujo \u201cterror narc\u00edsico\u201d \u201cafundar\u00e1\u201d o pa\u00eds. <br \/>&#13;\n<\/p>\n<p>&#13;<br \/>\n\u201cNum governo-sombra que integra ministros independentes e ministros do partido, <b>excluir-me foi a \u00faltima tentativa do meu assassinato c\u00edvico<\/b> que poderia tolerar\u201d e reconhece que esperava \u201calguns pesos pesados\u201d, uma \u201cilus\u00e3o que queria alimentar de o Chega ainda poder rumar \u00e0 maturidade\u201d \u2014 \u201cSeria o milagre-Ventura. N\u00e3o foi. Mais parece o resultado de um jantar ocasional de amigos. Foi a gota de \u00e1gua que tornou cristalino o <b>terror narc\u00edsico<\/b> em que me afundava e, bem pior, <b>em que o pa\u00eds se afundar\u00e1 com tal personagem<\/b>, muito por causa da elevad\u00edssima import\u00e2ncia que atribuo \u00e0 reforma do ensino.\u201d&#13;\n<\/p>\n<p>&#13;<br \/>\nO cronista acusa o <b>\u201cpredador psicol\u00f3gico Andr\u00e9 Ventura de anular a minha exist\u00eancia\u201d<\/b>, ao exclui-lo do governo sombra.&#13;\n<\/p>\n<p>Escreve o ex-deputado que se recusou a fazer parte de uma \u201cdas mais escandalosas pr\u00e1ticas de <b>parasitismo social e subsidiodepend\u00eancia<\/b>, a condi\u00e7\u00e3o de deputado-joguete nas m\u00e3os de um l\u00edder narc\u00edsico incompat\u00edvel com qualquer forma de sujeito coletivo\u201d. Gabriel Mith\u00e1 Ribeiro considera que \u201ca puls\u00e3o autocr\u00e1tica destrutiva de reformas de Andr\u00e9 Ventura\u201d \u00e9 um \u201ctra\u00e7o de personalidade imposs\u00edvel de o tornar um governante respons\u00e1vel\u201d.<\/p>\n<p>&#13;<br \/>\nO ex-deputado recorda que <b>\u201cas institui\u00e7\u00f5es centradas num indiv\u00edduo falham sempre\u201d<\/b> e sublinha que \u201co Chega n\u00e3o sairia da inf\u00e2ncia enquanto militantes e simpatizantes pensassem e atuassem na l\u00f3gica do partido do Andr\u00e9 e n\u00e3o do meu partido\u201d.&#13;\n<\/p>\n<p>&#13;<br \/>\nNo artigo de opini\u00e3o, Mith\u00e1 Ribeiro recorda v\u00e1rios epis\u00f3dios de conflito com Andr\u00e9 Ventura.&#13;\n<\/p>\n<p>&#13;<br \/>\nNeste seguimento escreve que <b>\u201cAndr\u00e9 Ventura n\u00e3o consegue conter o seu dem\u00f3nio vingativo contra quem o critique entreportas\u201d.\u00a0<\/b>\u201cEsse patr\u00e3o narc\u00edsico continua a tutelar deputados, assessores e t\u00e9cnicos numa Assembleia da Rep\u00fablica que n\u00e3o se pode furtar a enfrentar o problema\u201d, alerta no artigo de opini\u00e3o.&#13;\n<\/p>\n<p>&#13;<br \/>\n\u201cDo Chega trago a prova de vida de ser imposs\u00edvel um l\u00edder narc\u00edsico evitar impor a sua cultura de cancelamento, pois prefere prejudicar uma sociedade inteira a correr o risco de expor o seu ego ao desconhecimento de determinada mat\u00e9ria. <b>Entregar o poder a um pol\u00edtico com tal perfil psicol\u00f3gico \u00e9 construir um muro de bet\u00e3o contra o uso social da raz\u00e3o, e rumar ao para\u00edso de ignorantes<\/b>\u201d, refor\u00e7a.&#13;\n<\/p>\n<p>Gabriel Mith\u00e1 Ribeiro foi eleito deputado na XV, XVI e XVII legislaturas, sempre pelo c\u00edrculo de Leiria, tendo sido reconduzido como secret\u00e1rio da mesa da Assembleia da Rep\u00fablica em junho de 2024, depois das elei\u00e7\u00f5es legislativas antecipadas.<\/p>\n","protected":false},"excerpt":{"rendered":"&#13; O ex-parlamentar do Chega confirma que saiu da Assembleia da Rep\u00fablica e que se desfiliou do partido&hellip;\n","protected":false},"author":2,"featured_media":114893,"comment_status":"","ping_status":"","sticky":false,"template":"","format":"standard","meta":{"footnotes":""},"categories":[10],"tags":[3386,27,28,1736,15,16,14,25,26,21,22,26995,12,13,19,20,32,23,24,33,17,18,29,30,31],"class_list":{"0":"post-114892","1":"post","2":"type-post","3":"status-publish","4":"format-standard","5":"has-post-thumbnail","7":"category-portugal","8":"tag-andre-ventura","9":"tag-breaking-news","10":"tag-breakingnews","11":"tag-chega","12":"tag-featured-news","13":"tag-featurednews","14":"tag-headlines","15":"tag-latest-news","16":"tag-latestnews","17":"tag-main-news","18":"tag-mainnews","19":"tag-mitha-ribeiro","20":"tag-news","21":"tag-noticias","22":"tag-noticias-principais","23":"tag-noticiasprincipais","24":"tag-portugal","25":"tag-principais-noticias","26":"tag-principaisnoticias","27":"tag-pt","28":"tag-top-stories","29":"tag-topstories","30":"tag-ultimas","31":"tag-ultimas-noticias","32":"tag-ultimasnoticias"},"share_on_mastodon":{"url":"","error":""},"_links":{"self":[{"href":"https:\/\/www.europesays.com\/pt\/wp-json\/wp\/v2\/posts\/114892","targetHints":{"allow":["GET"]}}],"collection":[{"href":"https:\/\/www.europesays.com\/pt\/wp-json\/wp\/v2\/posts"}],"about":[{"href":"https:\/\/www.europesays.com\/pt\/wp-json\/wp\/v2\/types\/post"}],"author":[{"embeddable":true,"href":"https:\/\/www.europesays.com\/pt\/wp-json\/wp\/v2\/users\/2"}],"replies":[{"embeddable":true,"href":"https:\/\/www.europesays.com\/pt\/wp-json\/wp\/v2\/comments?post=114892"}],"version-history":[{"count":0,"href":"https:\/\/www.europesays.com\/pt\/wp-json\/wp\/v2\/posts\/114892\/revisions"}],"wp:featuredmedia":[{"embeddable":true,"href":"https:\/\/www.europesays.com\/pt\/wp-json\/wp\/v2\/media\/114893"}],"wp:attachment":[{"href":"https:\/\/www.europesays.com\/pt\/wp-json\/wp\/v2\/media?parent=114892"}],"wp:term":[{"taxonomy":"category","embeddable":true,"href":"https:\/\/www.europesays.com\/pt\/wp-json\/wp\/v2\/categories?post=114892"},{"taxonomy":"post_tag","embeddable":true,"href":"https:\/\/www.europesays.com\/pt\/wp-json\/wp\/v2\/tags?post=114892"}],"curies":[{"name":"wp","href":"https:\/\/api.w.org\/{rel}","templated":true}]}}