{"id":114894,"date":"2025-10-17T16:51:33","date_gmt":"2025-10-17T16:51:33","guid":{"rendered":"https:\/\/www.europesays.com\/pt\/114894\/"},"modified":"2025-10-17T16:51:33","modified_gmt":"2025-10-17T16:51:33","slug":"ataques-a-barcos-operacoes-da-cia-alegada-saida-de-maduro-tensao-cresce-entre-eua-e-venezuela","status":"publish","type":"post","link":"https:\/\/www.europesays.com\/pt\/114894\/","title":{"rendered":"Ataques a barcos, opera\u00e7\u00f5es da CIA, alegada sa\u00edda de Maduro. Tens\u00e3o cresce entre EUA e Venezuela"},"content":{"rendered":"<p>O <a href=\"https:\/\/www.jn.pt\/mundo\/artigo\/eua-atacam-sexto-navio-perto-da-costa-da-venezuela\/18009673\" target=\"_blank\" rel=\"nofollow noopener\">sexto ataque<\/a> pela Marinha norte-americana contra um barco com alegados traficantes de droga foi reportado inicialmente pela ag\u00eancia brit\u00e2nica Reuters e, posteriormente, confirmado pelos m\u00e9dia norte-americanos. Mas, ao contr\u00e1rio dos outros casos, que provocaram 27 mortes, pela primeira vez foi noticiado a presen\u00e7a de sobreviventes. A ag\u00eancia Associated Press revelou esta sexta-feira, referindo duas fontes de Washington, que uma pessoa morreu e duas sobreviveram, tendo estas sido capturadas pelas for\u00e7as norte-americanas.<\/p>\n<p data-remotead-prev-elm=\"true\" data-remotead-elm-id=\"inread\">Al\u00e9m de nacionais venezuelanos, os recentes ataques ter\u00e3o provocado a morte de cidad\u00e3os da Col\u00f4mbia e de Trindade e Tobago. O jornal norte-americano &#8220;The New York Times&#8221; (NYT) relatou o desespero da fam\u00edlia de um pescador trindadense que vivia na Venezuela, Chad Joseph, de 26 anos. &#8220;N\u00e3o quero acreditar que este \u00e9 o meu filho&#8221;, disse a m\u00e3e, Lenore Burnley, que ainda espera o regresso do jovem. &#8220;Isto \u00e9 realmente verdade?&#8221;, indagou ao di\u00e1rio.<\/p>\n<p>Acesso exclusivo a assinantes<\/p>\n<p>Acesso ilimitado a conte\u00fados exclusivos<\/p>\n<p>Navega\u00e7\u00e3o sem publicidade intrusiva<\/p>\n<p>Vers\u00e3o digital do jornal, suplementos e revistas<\/p>\n","protected":false},"excerpt":{"rendered":"O sexto ataque pela Marinha norte-americana contra um barco com alegados traficantes de droga foi reportado inicialmente pela&hellip;\n","protected":false},"author":2,"featured_media":114895,"comment_status":"","ping_status":"","sticky":false,"template":"","format":"standard","meta":{"footnotes":""},"categories":[8],"tags":[27,28,13437,92,413,15,16,11939,14,25,26,21,22,62,12,3025,13,19,20,32,23,24,33,17,18,29,30,31,3023],"class_list":{"0":"post-114894","1":"post","2":"type-post","3":"status-publish","4":"format-standard","5":"has-post-thumbnail","7":"category-principais-noticias","8":"tag-breaking-news","9":"tag-breakingnews","10":"tag-cia","11":"tag-donald-trump","12":"tag-eua","13":"tag-featured-news","14":"tag-featurednews","15":"tag-golpe-de-estado","16":"tag-headlines","17":"tag-latest-news","18":"tag-latestnews","19":"tag-main-news","20":"tag-mainnews","21":"tag-mundo","22":"tag-news","23":"tag-nicolas-maduro","24":"tag-noticias","25":"tag-noticias-principais","26":"tag-noticiasprincipais","27":"tag-portugal","28":"tag-principais-noticias","29":"tag-principaisnoticias","30":"tag-pt","31":"tag-top-stories","32":"tag-topstories","33":"tag-ultimas","34":"tag-ultimas-noticias","35":"tag-ultimasnoticias","36":"tag-venezuela"},"share_on_mastodon":{"url":"","error":""},"_links":{"self":[{"href":"https:\/\/www.europesays.com\/pt\/wp-json\/wp\/v2\/posts\/114894","targetHints":{"allow":["GET"]}}],"collection":[{"href":"https:\/\/www.europesays.com\/pt\/wp-json\/wp\/v2\/posts"}],"about":[{"href":"https:\/\/www.europesays.com\/pt\/wp-json\/wp\/v2\/types\/post"}],"author":[{"embeddable":true,"href":"https:\/\/www.europesays.com\/pt\/wp-json\/wp\/v2\/users\/2"}],"replies":[{"embeddable":true,"href":"https:\/\/www.europesays.com\/pt\/wp-json\/wp\/v2\/comments?post=114894"}],"version-history":[{"count":0,"href":"https:\/\/www.europesays.com\/pt\/wp-json\/wp\/v2\/posts\/114894\/revisions"}],"wp:featuredmedia":[{"embeddable":true,"href":"https:\/\/www.europesays.com\/pt\/wp-json\/wp\/v2\/media\/114895"}],"wp:attachment":[{"href":"https:\/\/www.europesays.com\/pt\/wp-json\/wp\/v2\/media?parent=114894"}],"wp:term":[{"taxonomy":"category","embeddable":true,"href":"https:\/\/www.europesays.com\/pt\/wp-json\/wp\/v2\/categories?post=114894"},{"taxonomy":"post_tag","embeddable":true,"href":"https:\/\/www.europesays.com\/pt\/wp-json\/wp\/v2\/tags?post=114894"}],"curies":[{"name":"wp","href":"https:\/\/api.w.org\/{rel}","templated":true}]}}