{"id":114896,"date":"2025-10-17T16:52:09","date_gmt":"2025-10-17T16:52:09","guid":{"rendered":"https:\/\/www.europesays.com\/pt\/114896\/"},"modified":"2025-10-17T16:52:09","modified_gmt":"2025-10-17T16:52:09","slug":"claudio-ramos-perdoa-finalmente-flavio-furtado-e-em-direto","status":"publish","type":"post","link":"https:\/\/www.europesays.com\/pt\/114896\/","title":{"rendered":"Cl\u00e1udio Ramos &#8211; Perdoa finalmente Fl\u00e1vio Furtado&#8230; e em direto!"},"content":{"rendered":"<p><strong>Cl\u00e1udio Ramos <\/strong>e <strong>Fl\u00e1vio Furtado<\/strong> j\u00e1 estiveram quase <a href=\"https:\/\/www.novagente.pt\/flavio-furtado-o-motivo-da-zanga-de-18-anos-com-claudio-ramos\" rel=\"nofollow noopener\" target=\"_blank\">duas d\u00e9cadas<\/a> sem se falar. O motivo? Um coment\u00e1rio de Cl\u00e1udio que desagradou profundamente Fl\u00e1vio.<\/p>\n<p>Contudo, h\u00e1 uma coisa de que Fl\u00e1vio se arrepende tamb\u00e9m: citou o apresentador da TVI num dos seus livros. &#8220;Escrevi sobre ele e s\u00f3 h\u00e1 pouco tempo \u00e9 que voltei a l\u00ea-lo. J\u00e1 n\u00e3o me lembrava do que estava l\u00e1. Cheguei a uma parte em que falava do Cl\u00e1udio e disse: \u2018n\u00e3o havia necessidade, Fl\u00e1vio\u2019&#8221;, lamentou numa entrevista a <strong>Cristina Ferreira<\/strong>.<\/p>\n<p>Na manh\u00e3 desta sexta-feira, dia 17 de outubro, Fl\u00e1vio e <strong>Bruna Gomes<\/strong> foram convidados no programa que Cl\u00e1udio apresenta. Entre risos, o apresentador recebeu o colega: &#8220;Bom dia, meus queridos. Muito obrigada por terem vindo. Afinal, conhe\u00e7o-te Fl\u00e1vio Furtado, v\u00eas? <a href=\"https:\/\/www.novagente.pt\/claudio-ramos-nao-perdoa-flavio-furtado-nao-sei-quem-e\" rel=\"nofollow noopener\" target=\"_blank\">Afinal sei quem \u00e9s<\/a>&#8220;.<\/p>\n<blockquote>\n<p><strong>Leia ainda: <\/strong>Cl\u00e1udio Ramos <a href=\"https:\/\/www.novagente.pt\/claudio-ramos-esclarece-polemica-sobre-ausencia-de-flavio-furtado-no-desafio-final-escolha-dos\" rel=\"nofollow noopener\" target=\"_blank\">esclarece pol\u00e9mica sobre a\u00a0aus\u00eancia de Fl\u00e1vio Furtado no Desafio Final: &#8220;A escolha dos comentadores&#8230;&#8221;<\/a><\/p>\n<\/blockquote>\n<p>&#8220;Eu tinha a necessidade de te pedir desculpa&#8221;<\/p>\n<p>J\u00e1 no final da conversa, o comentador da <strong>Casa dos Segredos<\/strong> falou sobre um internamento que o fez refletir tamb\u00e9m sobre a antiga \u2018zanga\u2019 e acabou por revelar que, nessa altura, enviou uma mensagem ao colega mas nunca recebeu uma resposta.<\/p>\n<p>Mas h\u00e1 uma justifica\u00e7\u00e3o para isso. &#8220;<strong>Eu n\u00e3o te respondi \u00e0 mensagem porque para mim est\u00e1 morto. O assunto est\u00e1 morto. Est\u00e1 feito, est\u00e1 morto<\/strong>. N\u00e3o h\u00e1 nenhuma necessidade\u2026 eu j\u00e1 tenho 51 anos, tu tens menos um bocadinho que eu, j\u00e1 n\u00e3o vale a pena&#8230;&#8221;, disse o rosto do Dois \u00e0s 10.<\/p>\n<p>Fl\u00e1vio respondeu: &#8220;Eu pedi-te desculpa por mensagem, mandei uma mensagem publicamente atrav\u00e9s da revista da Cristina [Ferreira]. N\u00e3o vai mudar nada na nossa vida mas eu fico de consci\u00eancia tranquila por saber que falhei e\u2026 <strong>eu tinha a necessidade de te pedir desculpa.<\/strong> A nossa vida continua igual mas a minha consci\u00eancia fica mais tranquila&#8221;.<\/p>\n<p>&#8220;<strong>Se a tua consci\u00eancia fica mais tranquila, as desculpas est\u00e3o aceites<\/strong>&#8220;, finalizou Cl\u00e1udio, tendo acrescentado ainda que tamb\u00e9m j\u00e1 fez coisas ao longo da vida que podem ter magoado outras pessoas.\u00a0<\/p>\n<p>Fl\u00e1vio Furtado quebra o sil\u00eancio sobre pol\u00e9mica com V\u00e2nia S\u00e1 (Exclusivo)<\/p>\n<p>Texto: Beatriz Soares; Fotos: Arquivo Impala.<\/p>\n<p class=\"intagram-text\">Siga a Nova Gente no Instagram<\/p>\n<p>                        <a href=\"https:\/\/www.instagram.com\/revistanovagente\/\" target=\"_blank\" aria-label=\"instagram\" rel=\"noopener nofollow\"><img decoding=\"async\" style=\"display: block; margin-left: auto; margin-right: auto; width: 250px; height: 83px;\" src=\"https:\/\/www.europesays.com\/pt\/wp-content\/uploads\/2025\/10\/Instagram_NG.png\" alt=\"instagram\"\/><\/a><br \/>\n                    <script async src=\"\/\/www.instagram.com\/embed.js\"><\/script><\/p>\n","protected":false},"excerpt":{"rendered":"Cl\u00e1udio Ramos e Fl\u00e1vio Furtado j\u00e1 estiveram quase duas d\u00e9cadas sem se falar. O motivo? Um coment\u00e1rio de&hellip;\n","protected":false},"author":2,"featured_media":114897,"comment_status":"","ping_status":"","sticky":false,"template":"","format":"standard","meta":{"footnotes":""},"categories":[145],"tags":[800,2632,211,210,329,166,801,114,115,15559,32,33],"class_list":{"0":"post-114896","1":"post","2":"type-post","3":"status-publish","4":"format-standard","5":"has-post-thumbnail","7":"category-celebridades","8":"tag-bruna-gomes","9":"tag-casa-dos-segredos","10":"tag-celebridades","11":"tag-celebrities","12":"tag-claudio-ramos","13":"tag-cristina-ferreira","14":"tag-dois-as-10","15":"tag-entertainment","16":"tag-entretenimento","17":"tag-flavio-furtado","18":"tag-portugal","19":"tag-pt"},"share_on_mastodon":{"url":"","error":""},"_links":{"self":[{"href":"https:\/\/www.europesays.com\/pt\/wp-json\/wp\/v2\/posts\/114896","targetHints":{"allow":["GET"]}}],"collection":[{"href":"https:\/\/www.europesays.com\/pt\/wp-json\/wp\/v2\/posts"}],"about":[{"href":"https:\/\/www.europesays.com\/pt\/wp-json\/wp\/v2\/types\/post"}],"author":[{"embeddable":true,"href":"https:\/\/www.europesays.com\/pt\/wp-json\/wp\/v2\/users\/2"}],"replies":[{"embeddable":true,"href":"https:\/\/www.europesays.com\/pt\/wp-json\/wp\/v2\/comments?post=114896"}],"version-history":[{"count":0,"href":"https:\/\/www.europesays.com\/pt\/wp-json\/wp\/v2\/posts\/114896\/revisions"}],"wp:featuredmedia":[{"embeddable":true,"href":"https:\/\/www.europesays.com\/pt\/wp-json\/wp\/v2\/media\/114897"}],"wp:attachment":[{"href":"https:\/\/www.europesays.com\/pt\/wp-json\/wp\/v2\/media?parent=114896"}],"wp:term":[{"taxonomy":"category","embeddable":true,"href":"https:\/\/www.europesays.com\/pt\/wp-json\/wp\/v2\/categories?post=114896"},{"taxonomy":"post_tag","embeddable":true,"href":"https:\/\/www.europesays.com\/pt\/wp-json\/wp\/v2\/tags?post=114896"}],"curies":[{"name":"wp","href":"https:\/\/api.w.org\/{rel}","templated":true}]}}