{"id":114898,"date":"2025-10-17T16:55:09","date_gmt":"2025-10-17T16:55:09","guid":{"rendered":"https:\/\/www.europesays.com\/pt\/114898\/"},"modified":"2025-10-17T16:55:09","modified_gmt":"2025-10-17T16:55:09","slug":"nem-todos-gritaram-de-alegria-estas-sao-as-imagens-do-regresso-de-leandro-apos-a-desistencia-secret-story","status":"publish","type":"post","link":"https:\/\/www.europesays.com\/pt\/114898\/","title":{"rendered":"Nem todos gritaram de alegria! Estas s\u00e3o as imagens do regresso de Leandro ap\u00f3s a &#8216;desist\u00eancia&#8217; &#8211; Secret Story"},"content":{"rendered":"<p>\n                    Leandro surpreende com falsa desist\u00eancia e regressa \u00e0 Casa dos Segredos em clima de emo\u00e7\u00e3o e tens\u00e3o.\n                <\/p>\n<p style=\"margin-bottom:11px\"><strong>Leandro surpreendeu tudo e todos ao revelar a sua inten\u00e7\u00e3o de desistir <\/strong>e abandonar a Casa dos Segredos. A decis\u00e3o, anunciada na tarde de quinta-feira, 16 de outubro, <strong>apanhou os colegas de surpresa e deixou o ambiente carregado de emo\u00e7\u00e3o.<\/strong> Entre l\u00e1grimas, o concorrente despediu-se e atravessou a porta de sa\u00edda, <strong>num momento que parecia marcar o fim da sua participa\u00e7\u00e3o<\/strong>.<\/p>\n<p>O que os colegas n\u00e3o sabiam era que<strong> tudo n\u00e3o passava de uma miss\u00e3o secreta<\/strong>. A sa\u00edda fazia parte de uma prova cuidadosamente preparada pela produ\u00e7\u00e3o, <strong>destinada a testar as rea\u00e7\u00f5es dos restantes concorrentes<\/strong>. E as rea\u00e7\u00f5es n\u00e3o podiam ter sido mais intensas: alguns<strong> ficaram em choque<\/strong>, outros <strong>emocionaram-se<\/strong> e muitos confessaram que<strong> \u201ca casa ficaria mais pobre\u201d sem a presen\u00e7a de Leandro<\/strong>.<\/p>\n<p>Horas depois, no Extra, veio a grande reviravolta: <strong>Leandro regressou \u00e0 casa, deixando todos boquiabertos<\/strong>. O reencontro foi marcado por abra\u00e7os, risos e l\u00e1grimas, mas nem todos mostraram o mesmo entusiasmo. Alguns concorrentes mantiveram-se afastados, <strong>revelando desconforto com o regresso inesperado<\/strong> e abrindo espa\u00e7o para novas tens\u00f5es dentro da casa.<\/p>\n<p><strong>Veja todas as rea\u00e7\u00f5es na galeria que prepar\u00e1mos para si.<\/strong><\/p>\n","protected":false},"excerpt":{"rendered":"Leandro surpreende com falsa desist\u00eancia e regressa \u00e0 Casa dos Segredos em clima de emo\u00e7\u00e3o e tens\u00e3o. Leandro&hellip;\n","protected":false},"author":2,"featured_media":114899,"comment_status":"","ping_status":"","sticky":false,"template":"","format":"standard","meta":{"footnotes":""},"categories":[142],"tags":[114,115,18672,18673,18674,12397,32,33,26632,151],"class_list":{"0":"post-114898","1":"post","2":"type-post","3":"status-publish","4":"format-standard","5":"has-post-thumbnail","7":"category-tv","8":"tag-entertainment","9":"tag-entretenimento","10":"tag-fotos-oficiais-secret-story","11":"tag-galerias-casa-dos-segredos","12":"tag-imagens-concorrentes-tvi","13":"tag-leandro","14":"tag-portugal","15":"tag-pt","16":"tag-regresso","17":"tag-tv"},"share_on_mastodon":{"url":"","error":""},"_links":{"self":[{"href":"https:\/\/www.europesays.com\/pt\/wp-json\/wp\/v2\/posts\/114898","targetHints":{"allow":["GET"]}}],"collection":[{"href":"https:\/\/www.europesays.com\/pt\/wp-json\/wp\/v2\/posts"}],"about":[{"href":"https:\/\/www.europesays.com\/pt\/wp-json\/wp\/v2\/types\/post"}],"author":[{"embeddable":true,"href":"https:\/\/www.europesays.com\/pt\/wp-json\/wp\/v2\/users\/2"}],"replies":[{"embeddable":true,"href":"https:\/\/www.europesays.com\/pt\/wp-json\/wp\/v2\/comments?post=114898"}],"version-history":[{"count":0,"href":"https:\/\/www.europesays.com\/pt\/wp-json\/wp\/v2\/posts\/114898\/revisions"}],"wp:featuredmedia":[{"embeddable":true,"href":"https:\/\/www.europesays.com\/pt\/wp-json\/wp\/v2\/media\/114899"}],"wp:attachment":[{"href":"https:\/\/www.europesays.com\/pt\/wp-json\/wp\/v2\/media?parent=114898"}],"wp:term":[{"taxonomy":"category","embeddable":true,"href":"https:\/\/www.europesays.com\/pt\/wp-json\/wp\/v2\/categories?post=114898"},{"taxonomy":"post_tag","embeddable":true,"href":"https:\/\/www.europesays.com\/pt\/wp-json\/wp\/v2\/tags?post=114898"}],"curies":[{"name":"wp","href":"https:\/\/api.w.org\/{rel}","templated":true}]}}