{"id":114900,"date":"2025-10-17T16:56:10","date_gmt":"2025-10-17T16:56:10","guid":{"rendered":"https:\/\/www.europesays.com\/pt\/114900\/"},"modified":"2025-10-17T16:56:10","modified_gmt":"2025-10-17T16:56:10","slug":"radio-marginal-pretende-ser-lider-da-audiencias-em-luanda","status":"publish","type":"post","link":"https:\/\/www.europesays.com\/pt\/114900\/","title":{"rendered":"R\u00e1dio Marginal pretende ser l\u00edder da audi\u00eancias em Luanda"},"content":{"rendered":"<p>Seman\u00e1rio Novo Jornal<\/p>\n<p>Idealizada h\u00e1 mais de uma d\u00e9cada, a R\u00e1dio Marginal come\u00e7ou, oficialmente, a transmitir os seus programas nesta semana. Administra\u00e7\u00e3o do Grupo Nova Vaga, empresa detentora da emissora, deseja torn\u00e1-la na l\u00edder da audi\u00eancia ao n\u00edvel da capital. Profissionais da &#8220;casa&#8221; dizem estar preparados para o desafio e pretendem fazer tudo para alcan\u00e7ar a credibilidade do Novo Jornal e do Expans\u00e3o , \u00f3rg\u00e3os de comunica\u00e7\u00e3o da mesma institui\u00e7\u00e3o.<\/p>\n<p>Leonel Zamba<\/p>\n<p>17 de Outubro\u00a02025 \u00e0s 10:19<\/p>\n<p>Uns consideram-na a cassula do Grupo Nova Vaga, outros, o terceiro bra\u00e7o. Seja como queiram, \u00e9 o terceiro \u00f3rg\u00e3o de comunica\u00e7\u00e3o da institui\u00e7\u00e3o, depois do Novo Jornal e do Expans\u00e3o, tendo iniciado a transmiss\u00e3o oficial nesta segunda-feira, 13.<\/p>\n<p>Concebida h\u00e1 mais de uma d\u00e9cada, a transmiss\u00e3o oficial dos programas na RM \u00e9 vista, pela administra\u00e7\u00e3o do Grupo Nova Vaga, como um momento de extremo simbolismo, a olhar pelos esfor\u00e7os empreendidos para a concretiza\u00e7\u00e3o do projecto.<\/p>\n<p>O corte da fita aconteceu \u00e0s 5h50m, sob responsabilidade do director da RM , Paulo Miranda. De seguida, o jornalista conduziu o programa &#8220;Manh\u00e3 Marginal&#8221;, que vai ao ar de segunda a sexta-feira (das 6 \u00e0s 10 horas).<\/p>\n<p>Localizada no Condom\u00ednio Bengo, na Vila Alice, em Luanda, a RM disp\u00f5e de uma tecnologia moderna. Os funcion\u00e1rios da emissora reconhecem ter &#8220;uma estrutura com condi\u00e7\u00f5es favor\u00e1veis para o bom desempenho da actividade jornal\u00edstica&#8221;.<\/p>\n<p>Tem dois est\u00fadios, uma redac\u00e7\u00e3o, uma sala de controlo de qualidade, duas salas de espera, regi\u00e9, sala para grava\u00e7\u00f5es de podcast, entre outros compartimentos de apoio.<\/p>\n<p><strong>Leia este artigo na \u00edntegra na edi\u00e7\u00e3o semanal do Novo Jornal, nas bancas, ou atrav\u00e9s de assinatura digital, pag\u00e1vel no Multicaixa. Siga o link: <a href=\"https:\/\/reader.novavaga.co.ao\/\" target=\"_blank\" rel=\"nofollow noopener\">https:\/\/reader.novavaga.co.ao\/<\/a><\/strong><\/p>\n","protected":false},"excerpt":{"rendered":"Seman\u00e1rio Novo Jornal Idealizada h\u00e1 mais de uma d\u00e9cada, a R\u00e1dio Marginal come\u00e7ou, oficialmente, a transmitir os seus&hellip;\n","protected":false},"author":2,"featured_media":114901,"comment_status":"","ping_status":"","sticky":false,"template":"","format":"standard","meta":{"footnotes":""},"categories":[141],"tags":[2992,2713,836,1063,1753,3003,2995,470,1195,315,135,3005,476,2993,2258,114,115,1169,2085,524,3002,3000,643,2998,2086,1856,82,2513,1428,2996,2994,2997,606,3001,62,149,150,619,718,2990,13,2991,2989,835,602,52,32,2999,33,548,679,58,2387,218,605,151,578,3004],"class_list":{"0":"post-114900","1":"post","2":"type-post","3":"status-publish","4":"format-standard","5":"has-post-thumbnail","7":"category-musica","8":"tag-actualidade","9":"tag-africa","10":"tag-analise","11":"tag-angola","12":"tag-artes","13":"tag-assinatura","14":"tag-benguela","15":"tag-cinema","16":"tag-concerto","17":"tag-cultura","18":"tag-desporto","19":"tag-download","20":"tag-economia","21":"tag-editorial","22":"tag-eleicoes","23":"tag-entertainment","24":"tag-entretenimento","25":"tag-facebook","26":"tag-fotografia","27":"tag-futebol","28":"tag-galeria","29":"tag-girabola","30":"tag-google","31":"tag-huambo","32":"tag-imagem","33":"tag-informacao","34":"tag-internacional","35":"tag-jornal","36":"tag-jornalismo","37":"tag-lobito","38":"tag-luanda","39":"tag-lubango","40":"tag-meteorologia","41":"tag-multimedia","42":"tag-mundo","43":"tag-music","44":"tag-musica","45":"tag-nacional","46":"tag-newsletter","47":"tag-nj","48":"tag-noticias","49":"tag-nova-vaga","50":"tag-novo-jornal","51":"tag-opiniao","52":"tag-pais","53":"tag-politica","54":"tag-portugal","55":"tag-provincias","56":"tag-pt","57":"tag-redes-sociais","58":"tag-reportagem","59":"tag-sociedade","60":"tag-teatro","61":"tag-televisao","62":"tag-tempo","63":"tag-tv","64":"tag-video","65":"tag-youtube"},"share_on_mastodon":{"url":"","error":""},"_links":{"self":[{"href":"https:\/\/www.europesays.com\/pt\/wp-json\/wp\/v2\/posts\/114900","targetHints":{"allow":["GET"]}}],"collection":[{"href":"https:\/\/www.europesays.com\/pt\/wp-json\/wp\/v2\/posts"}],"about":[{"href":"https:\/\/www.europesays.com\/pt\/wp-json\/wp\/v2\/types\/post"}],"author":[{"embeddable":true,"href":"https:\/\/www.europesays.com\/pt\/wp-json\/wp\/v2\/users\/2"}],"replies":[{"embeddable":true,"href":"https:\/\/www.europesays.com\/pt\/wp-json\/wp\/v2\/comments?post=114900"}],"version-history":[{"count":0,"href":"https:\/\/www.europesays.com\/pt\/wp-json\/wp\/v2\/posts\/114900\/revisions"}],"wp:featuredmedia":[{"embeddable":true,"href":"https:\/\/www.europesays.com\/pt\/wp-json\/wp\/v2\/media\/114901"}],"wp:attachment":[{"href":"https:\/\/www.europesays.com\/pt\/wp-json\/wp\/v2\/media?parent=114900"}],"wp:term":[{"taxonomy":"category","embeddable":true,"href":"https:\/\/www.europesays.com\/pt\/wp-json\/wp\/v2\/categories?post=114900"},{"taxonomy":"post_tag","embeddable":true,"href":"https:\/\/www.europesays.com\/pt\/wp-json\/wp\/v2\/tags?post=114900"}],"curies":[{"name":"wp","href":"https:\/\/api.w.org\/{rel}","templated":true}]}}