{"id":114912,"date":"2025-10-17T17:06:12","date_gmt":"2025-10-17T17:06:12","guid":{"rendered":"https:\/\/www.europesays.com\/pt\/114912\/"},"modified":"2025-10-17T17:06:12","modified_gmt":"2025-10-17T17:06:12","slug":"jovem-denuncia-violacao-apos-aceitar-boleia-de-desconhecidos","status":"publish","type":"post","link":"https:\/\/www.europesays.com\/pt\/114912\/","title":{"rendered":"Jovem denuncia viola\u00e7\u00e3o ap\u00f3s aceitar boleia de desconhecidos"},"content":{"rendered":"<p>\t                V\u00edtima denunciou o caso \u00e0 PSP<\/p>\n<p>Uma jovem de 20 anos apresentou-se esta quinta-feira na esquadra da PSP de Cruz de Pau, no concelho do Seixal, onde denunciou ter sido v\u00edtima de viola\u00e7\u00e3o.<\/p>\n<p>De acordo com o testemunho da v\u00edtima, a jovem encontrava-se na zona da Amadora \u00e0 espera de transporte quando foi abordada por tr\u00eas homens que lhe ofereceram boleia at\u00e9 casa. A jovem acabou por aceitar, mas, j\u00e1 no interior do ve\u00edculo, apercebeu-se de que estava a ser levada em dire\u00e7\u00e3o \u00e0 Margem Sul.<\/p>\n<p>De acordo com a queixa apresentada, a v\u00edtima foi conduzida at\u00e9 uma resid\u00eancia na zona da Quinta da Princesa, em Almada, onde ter\u00e1 sido sexualmente agredida. Mais tarde, foi abandonada na via p\u00fablica.<\/p>\n<p>Conseguiu pedir ajuda e foi posteriormente transportada para o Hospital Garcia de Orta, em Almada, para avalia\u00e7\u00e3o m\u00e9dica.<\/p>\n<p>A Pol\u00edcia Judici\u00e1ria est\u00e1 a investigar o caso.<\/p>\n","protected":false},"excerpt":{"rendered":"V\u00edtima denunciou o caso \u00e0 PSP Uma jovem de 20 anos apresentou-se esta quinta-feira na esquadra da PSP&hellip;\n","protected":false},"author":2,"featured_media":59700,"comment_status":"","ping_status":"","sticky":false,"template":"","format":"standard","meta":{"footnotes":""},"categories":[10],"tags":[609,836,611,27,28,607,608,333,832,604,26999,135,610,476,15,16,301,830,14,603,25,26,570,21,22,831,833,62,834,12,13,19,20,835,602,52,32,23,24,33,20028,17,18,29,30,31,8102],"class_list":{"0":"post-114912","1":"post","2":"type-post","3":"status-publish","4":"format-standard","5":"has-post-thumbnail","7":"category-portugal","8":"tag-alerta","9":"tag-analise","10":"tag-ao-minuto","11":"tag-breaking-news","12":"tag-breakingnews","13":"tag-cnn","14":"tag-cnn-portugal","15":"tag-comentadores","16":"tag-costa","17":"tag-crime","18":"tag-cruz-de-pau","19":"tag-desporto","20":"tag-direto","21":"tag-economia","22":"tag-featured-news","23":"tag-featurednews","24":"tag-governo","25":"tag-guerra","26":"tag-headlines","27":"tag-justica","28":"tag-latest-news","29":"tag-latestnews","30":"tag-live","31":"tag-main-news","32":"tag-mainnews","33":"tag-mais-vistas","34":"tag-marcelo","35":"tag-mundo","36":"tag-negocios","37":"tag-news","38":"tag-noticias","39":"tag-noticias-principais","40":"tag-noticiasprincipais","41":"tag-opiniao","42":"tag-pais","43":"tag-politica","44":"tag-portugal","45":"tag-principais-noticias","46":"tag-principaisnoticias","47":"tag-pt","48":"tag-seixal","49":"tag-top-stories","50":"tag-topstories","51":"tag-ultimas","52":"tag-ultimas-noticias","53":"tag-ultimasnoticias","54":"tag-violacao"},"share_on_mastodon":{"url":"","error":""},"_links":{"self":[{"href":"https:\/\/www.europesays.com\/pt\/wp-json\/wp\/v2\/posts\/114912","targetHints":{"allow":["GET"]}}],"collection":[{"href":"https:\/\/www.europesays.com\/pt\/wp-json\/wp\/v2\/posts"}],"about":[{"href":"https:\/\/www.europesays.com\/pt\/wp-json\/wp\/v2\/types\/post"}],"author":[{"embeddable":true,"href":"https:\/\/www.europesays.com\/pt\/wp-json\/wp\/v2\/users\/2"}],"replies":[{"embeddable":true,"href":"https:\/\/www.europesays.com\/pt\/wp-json\/wp\/v2\/comments?post=114912"}],"version-history":[{"count":0,"href":"https:\/\/www.europesays.com\/pt\/wp-json\/wp\/v2\/posts\/114912\/revisions"}],"wp:featuredmedia":[{"embeddable":true,"href":"https:\/\/www.europesays.com\/pt\/wp-json\/wp\/v2\/media\/59700"}],"wp:attachment":[{"href":"https:\/\/www.europesays.com\/pt\/wp-json\/wp\/v2\/media?parent=114912"}],"wp:term":[{"taxonomy":"category","embeddable":true,"href":"https:\/\/www.europesays.com\/pt\/wp-json\/wp\/v2\/categories?post=114912"},{"taxonomy":"post_tag","embeddable":true,"href":"https:\/\/www.europesays.com\/pt\/wp-json\/wp\/v2\/tags?post=114912"}],"curies":[{"name":"wp","href":"https:\/\/api.w.org\/{rel}","templated":true}]}}