{"id":114913,"date":"2025-10-17T17:08:08","date_gmt":"2025-10-17T17:08:08","guid":{"rendered":"https:\/\/www.europesays.com\/pt\/114913\/"},"modified":"2025-10-17T17:08:08","modified_gmt":"2025-10-17T17:08:08","slug":"julio-cocielo-anuncia-fim-do-casamento-com-tata-estaniecki-coisas-acontecem-do-nada","status":"publish","type":"post","link":"https:\/\/www.europesays.com\/pt\/114913\/","title":{"rendered":"J\u00falio Cocielo anuncia fim do casamento com Tata Estaniecki: &#8220;Coisas acontecem do nada&#8221;"},"content":{"rendered":"<p>                            <img width=\"944\" height=\"531\" src=\"https:\/\/www.europesays.com\/pt\/wp-content\/uploads\/2025\/10\/Julio-Cocielo-anuncia-fim-de-casamento-com-Tata-Estaniecki-Coisas-acontecem-do-nada--944x531.jpg\" class=\"attachment-custom-large size-custom-large article-featured-image\" alt=\"J\u00falio Cocielo anuncia fim de casamento com Tata Estaniecki Coisas acontecem do nada\" fetchpriority=\"high\" decoding=\"async\"  \/><\/p>\n<p>J\u00falio e Tata estavam casados desde 2018 (Foto: Redes sociais, Reprodu\u00e7\u00e3o)<\/p>\n<p>O influenciador e youtuber J\u00falio Cocielo anunciou, na noite desta quinta-feira (16), o fim do casamento com a apresentadora Tata Tata Estaniecki. A informa\u00e7\u00e3o foi divulgada em uma postagem nas redes sociais.<\/p>\n<p>Continua depois da publicidade<\/p>\n<p>No texto, J\u00falio diz que os dois segues com o objetivo de criar os filhos e, por isso, sempre v\u00e3o estar juntos \u201csempre pr\u00f3ximos, mantendo o respeito, a admira\u00e7\u00e3o e o carinho um pelo outro. O youtuber pede respeito durante o momento e diz que n\u00e3o falar\u00e1 mais sobre o assunto.<\/p>\n<p>\u201cMas sentimos que era necess\u00e1rio avisar a todos que tem carinho pela gente, e que continuem tendo, por favor! De qualquer forma, vamos seguir fazendo nossos trabalhos e cumprindo nossos pap\u00e9is como fam\u00edlia\u201d, diz trecho do comunicado.<\/p>\n<p>J\u00falio e Tata estavam casados desde 2018 e s\u00e3o pais de Beatriz, de 5 anos, e Caio, de 2 anos. A influenciadora ainda n\u00e3o se manifestou sobre o assunto.<\/p>\n<p>Veja o comunicado Leia mais <\/p>\n<p><strong><a href=\"https:\/\/www.nsctotal.com.br\/noticias\/carros-de-luxo-mansao-e-ostentacao-quem-e-buzeira-influencer-preso-em-operacao-da-pf\" target=\"_blank\" rel=\"noreferrer noopener nofollow\">Carros de luxo, mans\u00e3o e \u201costenta\u00e7\u00e3o\u201d: quem \u00e9 Buzeira, influencer preso em opera\u00e7\u00e3o da PF<\/a><\/strong><\/p>\n<p><strong><a href=\"https:\/\/www.nsctotal.com.br\/noticias\/quem-sao-os-maiores-influenciadores-do-mundo-segundo-ranking-da-forbes\" target=\"_blank\" rel=\"noreferrer noopener nofollow\">Quem s\u00e3o os maiores influenciadores do mundo, segundo ranking da Forbes<\/a><\/strong><\/p>\n","protected":false},"excerpt":{"rendered":"J\u00falio e Tata estavam casados desde 2018 (Foto: Redes sociais, Reprodu\u00e7\u00e3o) O influenciador e youtuber J\u00falio Cocielo anunciou,&hellip;\n","protected":false},"author":2,"featured_media":114914,"comment_status":"","ping_status":"","sticky":false,"template":"","format":"standard","meta":{"footnotes":""},"categories":[145],"tags":[211,210,829,114,115,32,33],"class_list":{"0":"post-114913","1":"post","2":"type-post","3":"status-publish","4":"format-standard","5":"has-post-thumbnail","7":"category-celebridades","8":"tag-celebridades","9":"tag-celebrities","10":"tag-conteudo-liberado","11":"tag-entertainment","12":"tag-entretenimento","13":"tag-portugal","14":"tag-pt"},"share_on_mastodon":{"url":"","error":""},"_links":{"self":[{"href":"https:\/\/www.europesays.com\/pt\/wp-json\/wp\/v2\/posts\/114913","targetHints":{"allow":["GET"]}}],"collection":[{"href":"https:\/\/www.europesays.com\/pt\/wp-json\/wp\/v2\/posts"}],"about":[{"href":"https:\/\/www.europesays.com\/pt\/wp-json\/wp\/v2\/types\/post"}],"author":[{"embeddable":true,"href":"https:\/\/www.europesays.com\/pt\/wp-json\/wp\/v2\/users\/2"}],"replies":[{"embeddable":true,"href":"https:\/\/www.europesays.com\/pt\/wp-json\/wp\/v2\/comments?post=114913"}],"version-history":[{"count":0,"href":"https:\/\/www.europesays.com\/pt\/wp-json\/wp\/v2\/posts\/114913\/revisions"}],"wp:featuredmedia":[{"embeddable":true,"href":"https:\/\/www.europesays.com\/pt\/wp-json\/wp\/v2\/media\/114914"}],"wp:attachment":[{"href":"https:\/\/www.europesays.com\/pt\/wp-json\/wp\/v2\/media?parent=114913"}],"wp:term":[{"taxonomy":"category","embeddable":true,"href":"https:\/\/www.europesays.com\/pt\/wp-json\/wp\/v2\/categories?post=114913"},{"taxonomy":"post_tag","embeddable":true,"href":"https:\/\/www.europesays.com\/pt\/wp-json\/wp\/v2\/tags?post=114913"}],"curies":[{"name":"wp","href":"https:\/\/api.w.org\/{rel}","templated":true}]}}