{"id":114915,"date":"2025-10-17T17:11:11","date_gmt":"2025-10-17T17:11:11","guid":{"rendered":"https:\/\/www.europesays.com\/pt\/114915\/"},"modified":"2025-10-17T17:11:11","modified_gmt":"2025-10-17T17:11:11","slug":"amiga-apoiou-liliana-na-gala-mas-poucos-repararam-na-mensagem-especial-que-enviou-agora-ao-ex-noivo-ze-secret-story","status":"publish","type":"post","link":"https:\/\/www.europesays.com\/pt\/114915\/","title":{"rendered":"Amiga apoiou Liliana na gala. Mas poucos repararam na mensagem especial que enviou agora ao ex-noivo, Z\u00e9 &#8211; Secret Story"},"content":{"rendered":"<p style=\"margin-bottom:11px\">Z\u00e9, ex-noivo de Liliana, faz anos esta sexta-feira e tem recebido v\u00e1rias mensagens de apoio e parab\u00e9ns. E h\u00e1 uma delas que salta \u00e0 vista dos mais atentos. \u00c9 que Z\u00e9 recebeu uma mensagem especial de uma das amigas de Liliana, que recentemente esteve na gala do Secret Story para a apoiar.<\/p>\n<p><a href=\"https:\/\/tvi.iol.pt\/secretstory\/videos\/amigas-de-liliana-desiludidas-nao-esta-a-ter-uma-boa-prestacao\/68dc20540cf29d28d828c302\" rel=\"nofollow noopener\" target=\"_blank\">Cec\u00edlia foi uma das amigas que esteve em est\u00fadio para representar a equipa de apoio de Liliana, quando esta ainda estava noiva de Z\u00e9<\/a>, mas j\u00e1 estava muito c\u00famplice e \u00edntima de F\u00e1bio. A rela\u00e7\u00e3o com Z\u00e9 acabou por terminar e Liliana envolveu-se logo de seguida com F\u00e1bio dentro da casa mais vigiada do Pa\u00eds.<\/p>\n<p>Na altura, Cec\u00edlia e outra amiga, Marta, mostraram-se desiludidas com os comportamentos da amiga Liliana, apesar de estarem em est\u00fadio para a apoiarem. \u00a0\u00abMeter-se em caminhos apertados n\u00e3o ser\u00e1 um bom jogo para ela\u2026 a Liliana que est\u00e1 dentro da casa, n\u00e3o \u00e9 a l\u00e1 de fora. Estamos c\u00e1 por ela, e pelo Z\u00e9\u2026\u00bb, declarou Marta. \u00abTenho para lhe abrir os olhos, n\u00e3o \u00e9 a Liliana de todo c\u00e1 de fora\u2026\u00bb, disse Cec\u00edlia.<\/p>\n<p>Cec\u00edlia tamb\u00e9m \u00e9 amiga de Z\u00e9, por isso fez agora quest\u00e3o de o apoiar neste dia especial de anivers\u00e1rio: \u00abFeliz anivers\u00e1rio ao nosso Z\u00e9. O meu melhor amigo, sempre\u00bb, declarou.<\/p>\n<p><img loading=\"lazy\" decoding=\"async\" alt=\"\" height=\"854\" src=\"https:\/\/www.europesays.com\/pt\/wp-content\/uploads\/2025\/10\/68f212f9d34e58bc6796fe8c.webp\" width=\"482\"\/><\/p>\n","protected":false},"excerpt":{"rendered":"Z\u00e9, ex-noivo de Liliana, faz anos esta sexta-feira e tem recebido v\u00e1rias mensagens de apoio e parab\u00e9ns. E&hellip;\n","protected":false},"author":2,"featured_media":114916,"comment_status":"","ping_status":"","sticky":false,"template":"","format":"standard","meta":{"footnotes":""},"categories":[142],"tags":[23285,18706,114,115,18705,19016,32,33,151,18704,975],"class_list":{"0":"post-114915","1":"post","2":"type-post","3":"status-publish","4":"format-standard","5":"has-post-thumbnail","7":"category-tv","8":"tag-amigas","9":"tag-bastidores-secret-story","10":"tag-entertainment","11":"tag-entretenimento","12":"tag-entrevistas-concorrentes-tvi","13":"tag-liliana","14":"tag-portugal","15":"tag-pt","16":"tag-tv","17":"tag-vida-fora-da-casa","18":"tag-ze"},"share_on_mastodon":{"url":"","error":""},"_links":{"self":[{"href":"https:\/\/www.europesays.com\/pt\/wp-json\/wp\/v2\/posts\/114915","targetHints":{"allow":["GET"]}}],"collection":[{"href":"https:\/\/www.europesays.com\/pt\/wp-json\/wp\/v2\/posts"}],"about":[{"href":"https:\/\/www.europesays.com\/pt\/wp-json\/wp\/v2\/types\/post"}],"author":[{"embeddable":true,"href":"https:\/\/www.europesays.com\/pt\/wp-json\/wp\/v2\/users\/2"}],"replies":[{"embeddable":true,"href":"https:\/\/www.europesays.com\/pt\/wp-json\/wp\/v2\/comments?post=114915"}],"version-history":[{"count":0,"href":"https:\/\/www.europesays.com\/pt\/wp-json\/wp\/v2\/posts\/114915\/revisions"}],"wp:featuredmedia":[{"embeddable":true,"href":"https:\/\/www.europesays.com\/pt\/wp-json\/wp\/v2\/media\/114916"}],"wp:attachment":[{"href":"https:\/\/www.europesays.com\/pt\/wp-json\/wp\/v2\/media?parent=114915"}],"wp:term":[{"taxonomy":"category","embeddable":true,"href":"https:\/\/www.europesays.com\/pt\/wp-json\/wp\/v2\/categories?post=114915"},{"taxonomy":"post_tag","embeddable":true,"href":"https:\/\/www.europesays.com\/pt\/wp-json\/wp\/v2\/tags?post=114915"}],"curies":[{"name":"wp","href":"https:\/\/api.w.org\/{rel}","templated":true}]}}