{"id":114929,"date":"2025-10-17T17:22:15","date_gmt":"2025-10-17T17:22:15","guid":{"rendered":"https:\/\/www.europesays.com\/pt\/114929\/"},"modified":"2025-10-17T17:22:15","modified_gmt":"2025-10-17T17:22:15","slug":"brigitte-bardot-de-91-anos-e-internada-em-estado-grave-e-passa-por-cirurgia","status":"publish","type":"post","link":"https:\/\/www.europesays.com\/pt\/114929\/","title":{"rendered":"Brigitte Bardot, de 91 anos, \u00e9 internada em estado grave e passa por cirurgia"},"content":{"rendered":"\n<p>A atriz Brigitte Bardot, de 91 anos, foi levada \u00e0s pressas para um hospital em Toulon, no sul da Fran\u00e7a, ap\u00f3s ser diagnosticada com uma \u201cdoen\u00e7a grave\u201d, segundo informa\u00e7\u00f5es divulgadas pela imprensa europeia nesta sexta-feira. A estrela, considerada um dos maiores \u00edcones do cinema franc\u00eas, passou por uma cirurgia e permanece internada sob observa\u00e7\u00e3o m\u00e9dica.<\/p>\n<p>De acordo com o Daily Mail, Bardot foi hospitalizada h\u00e1 tr\u00eas semanas, e seu estado de sa\u00fade ainda n\u00e3o foi detalhado oficialmente. Fontes pr\u00f3ximas \u00e0 artista informaram que ela estava em sua casa, em Saint-Tropez, quando precisou ser transferida de emerg\u00eancia.<\/p>\n<p>Os m\u00e9dicos respons\u00e1veis pelo tratamento confirmaram que a atriz est\u00e1 se recuperando bem, mas continuar\u00e1 sendo monitorada nas pr\u00f3ximas semanas. Representantes de Bardot ainda n\u00e3o comentaram o caso publicamente.<\/p>\n<p><strong>Da bailarina parisiense ao mito de Saint-Tropez<\/strong><\/p>\n<p>Nascida em Paris, em 28 de setembro de 1934, Brigitte Anne-Marie Bardot formou-se em bal\u00e9 cl\u00e1ssico no Conservat\u00f3rio Nacional de M\u00fasica e Dan\u00e7a antes de ser descoberta pelo cinema. Aos 15 anos, j\u00e1 estampava capas de revistas como Elle, iniciando sua trajet\u00f3ria como modelo.<\/p>\n<p>Ela estreou nas telonas em 1952, no filme A Garota do Biqu\u00edni, mas foi em 1956 que ganhou fama mundial com E Deus Criou a Mulher, dirigido por seu ent\u00e3o marido, Roger Vadim. O longa, repleto de sensualidade e ousadia para a \u00e9poca, foi censurado em Hollywood \u2014 o que apenas aumentou sua popularidade.<\/p>\n<p>Descrita como \u201ca mulher que inventou Saint-Tropez\u201d, Bardot transformou-se em um \u00edcone da liberdade sexual feminina, desafiando padr\u00f5es conservadores e provocando esc\u00e2ndalos onde passava. Em 1957, padres em Nova York chegaram a pedir que fi\u00e9is boicotassem seus filmes, e o Vaticano a classificou como \u201cm\u00e1 influ\u00eancia\u201d. O resultado foi o oposto: as filas nos cinemas s\u00f3 cresceram.<\/p>\n<p>\u2014 L\u00e1 est\u00e1 Brigitte, esticada de ponta a ponta da tela, de cabe\u00e7a para baixo e nua como o globo ocular de um censor \u2014 ironizou um cr\u00edtico da \u00e9poca.<\/p>\n<p><strong>Esc\u00e2ndalos, paix\u00f5es e independ\u00eancia<\/strong><\/p>\n<p>Durante sua carreira, Bardot atuou em mais de 45 filmes e gravou 70 m\u00fasicas, tornando-se refer\u00eancia est\u00e9tica e cultural. Ela criou a \u201cpose Bardot\u201d \u2014 sentada, pernas cruzadas e olhar provocante \u2014 e popularizou o decote ombro a ombro, que at\u00e9 hoje leva seu nome.<\/p>\n<p>A atriz teve quatro casamentos: com Roger Vadim (1952\u20131957), Jacques Charrier (1959\u20131962), Gunter Sachs (1966\u20131969) e Bernard d\u2019Ormale, seu atual marido desde 1992. Com Charrier, teve seu \u00fanico filho, Nicolas-Jacques, em 1960, mas manteve uma rela\u00e7\u00e3o conturbada.<\/p>\n<p>\u2014 N\u00e3o fui feita para ser m\u00e3e \u2014 admitiu Bardot anos depois. \u2014 Adoro animais e crian\u00e7as, mas nunca fui adulta o suficiente para cuidar de uma crian\u00e7a.<\/p>\n<p>Nicolas foi criado pela fam\u00edlia paterna e s\u00f3 se reconciliou com a m\u00e3e d\u00e9cadas depois, em 1996.<\/p>\n<p>Apaixonada e impulsiva, Bardot tamb\u00e9m viveu romances com o cantor Sacha Distel e com o ator Warren Beatty. \u2014 Sempre busquei paix\u00e3o \u2014 disse ela. \u2014 Quando ela acabava, eu fazia as malas.<\/p>\n<p><strong>Da fama ao ativismo \u2014 e \u00e0s pol\u00eamicas<\/strong><\/p>\n<p>Bardot deixou o cinema em 1973, aos 39 anos, para dedicar-se \u00e0 defesa dos animais. Em 1986, criou a Funda\u00e7\u00e3o Brigitte Bardot, que atua em resgate, prote\u00e7\u00e3o e campanhas de esteriliza\u00e7\u00e3o. Vegetariana convicta, chegou a doar mais de \u00a3 90 mil (R$ 657 mil) para ajudar c\u00e3es de rua em Bucareste e amea\u00e7ou se mudar para a R\u00fassia ap\u00f3s um zool\u00f3gico franc\u00eas negar tratamento a dois elefantes doentes.<\/p>\n<p>Apesar da carreira humanit\u00e1ria, sua imagem se viu novamente cercada por pol\u00eamicas. Em 2004, foi condenada por incita\u00e7\u00e3o ao \u00f3dio racial em um livro, e seu apoio \u00e0 extrema direita francesa, especialmente \u00e0 candidata Marine Le Pen, reacendeu debates sobre sua figura p\u00fablica.<\/p>\n<p>\u2014 Bardot \u00e9 Bardot \u2014 disse a escritora Marie-Dominique Leli\u00e8vre, amiga pr\u00f3xima. \u2014 Ela desafia qualquer defini\u00e7\u00e3o.<\/p>\n","protected":false},"excerpt":{"rendered":"A atriz Brigitte Bardot, de 91 anos, foi levada \u00e0s pressas para um hospital em Toulon, no sul&hellip;\n","protected":false},"author":2,"featured_media":114930,"comment_status":"","ping_status":"","sticky":false,"template":"","format":"standard","meta":{"footnotes":""},"categories":[145],"tags":[27005,23212,211,210,470,5953,114,115,27004,23244,15478,32,33],"class_list":{"0":"post-114929","1":"post","2":"type-post","3":"status-publish","4":"format-standard","5":"has-post-thumbnail","7":"category-celebridades","8":"tag-91-anos","9":"tag-brigitte-bardot","10":"tag-celebridades","11":"tag-celebrities","12":"tag-cinema","13":"tag-cirurgia","14":"tag-entertainment","15":"tag-entretenimento","16":"tag-estado-grave","17":"tag-internada","18":"tag-passa","19":"tag-portugal","20":"tag-pt"},"share_on_mastodon":{"url":"","error":""},"_links":{"self":[{"href":"https:\/\/www.europesays.com\/pt\/wp-json\/wp\/v2\/posts\/114929","targetHints":{"allow":["GET"]}}],"collection":[{"href":"https:\/\/www.europesays.com\/pt\/wp-json\/wp\/v2\/posts"}],"about":[{"href":"https:\/\/www.europesays.com\/pt\/wp-json\/wp\/v2\/types\/post"}],"author":[{"embeddable":true,"href":"https:\/\/www.europesays.com\/pt\/wp-json\/wp\/v2\/users\/2"}],"replies":[{"embeddable":true,"href":"https:\/\/www.europesays.com\/pt\/wp-json\/wp\/v2\/comments?post=114929"}],"version-history":[{"count":0,"href":"https:\/\/www.europesays.com\/pt\/wp-json\/wp\/v2\/posts\/114929\/revisions"}],"wp:featuredmedia":[{"embeddable":true,"href":"https:\/\/www.europesays.com\/pt\/wp-json\/wp\/v2\/media\/114930"}],"wp:attachment":[{"href":"https:\/\/www.europesays.com\/pt\/wp-json\/wp\/v2\/media?parent=114929"}],"wp:term":[{"taxonomy":"category","embeddable":true,"href":"https:\/\/www.europesays.com\/pt\/wp-json\/wp\/v2\/categories?post=114929"},{"taxonomy":"post_tag","embeddable":true,"href":"https:\/\/www.europesays.com\/pt\/wp-json\/wp\/v2\/tags?post=114929"}],"curies":[{"name":"wp","href":"https:\/\/api.w.org\/{rel}","templated":true}]}}