{"id":114931,"date":"2025-10-17T17:24:19","date_gmt":"2025-10-17T17:24:19","guid":{"rendered":"https:\/\/www.europesays.com\/pt\/114931\/"},"modified":"2025-10-17T17:24:19","modified_gmt":"2025-10-17T17:24:19","slug":"baek-se-hee-morre-aos-35-autora-de-no-ceu-nao-tem-tteokbokki","status":"publish","type":"post","link":"https:\/\/www.europesays.com\/pt\/114931\/","title":{"rendered":"Baek Se Hee: Morre, aos 35, autora de \u2018No C\u00e9u n\u00e3o tem Tteokbokki\u2019"},"content":{"rendered":"<p data-component-name=\"paragraph\" class=\"styles__ParagraphStyled-sc-6adecn-0 gsLklW  \">A escritora sul-coreana <strong>Baek Se Hee<\/strong>, conhecida mundialmente pelo livro <strong>No C\u00e9u N\u00e3o Tem Tteokbokki<\/strong>, morreu nesta semana aos 35 anos. A autora ganhou reconhecimento internacional ao abordar de forma sens\u00edvel e direta temas como depress\u00e3o e sa\u00fade mental.<\/p>\n<p><img  loading=\"lazy\" class=\"lazy-load-img\"\/><\/p>\n<p>Escritora sul-coreana Baek Se Hee morreu aos 35\u00a0Foto:  @_baeksehee via Instagram<\/p>\n<p>Segundo informa\u00e7\u00f5es da BBC, a causa da morte ainda n\u00e3o foi divulgada. A Ag\u00eancia Coreana de Doa\u00e7\u00e3o de \u00d3rg\u00e3os informou que Baek doou cora\u00e7\u00e3o, pulm\u00f5es, f\u00edgado e rins, \u00f3rg\u00e3os que beneficiaram cinco pessoas. <\/p>\n<p>Lan\u00e7ado originalmente em 2018, o livro se tornou um fen\u00f4meno editorial na Coreia do Sul e ultrapassou a marca de um milh\u00e3o de exemplares vendidos. A obra foi traduzida para 25 idiomas. <\/p>\n<p data-component-name=\"paragraph\" class=\"styles__ParagraphStyled-sc-6adecn-0 gsLklW  \">Baek formou-se em escrita criativa e trabalhou durante cinco anos em uma editora antes de lan\u00e7ar o livro que mudaria sua trajet\u00f3ria. Segundo sua biografia publicada pela Bloomsbury, ela conviveu por cerca de uma d\u00e9cada com distimia, um tipo leve e cr\u00f4nico de depress\u00e3o que inspirou sua escrita. <\/p>\n<p data-component-name=\"paragraph\" class=\"styles__ParagraphStyled-sc-6adecn-0 gsLklW  \">O sucesso de seu primeiro livro levou \u00e0 publica\u00e7\u00e3o de uma continua\u00e7\u00e3o, <strong>Queria Morrer, Mas No C\u00e9u N\u00e3o Tem Tteokbokki<\/strong>, lan\u00e7ada em coreano em 2019. No Brasil, a obra \u00e9 distribu\u00edda pela editora Universo dos Livros e traz na capa a observa\u00e7\u00e3o de recomenda\u00e7\u00e3o por <strong>Namjoon<\/strong>, do <a href=\"https:\/\/www.estadao.com.br\/tudo-sobre\/bts\/\" target=\"_blank\" rel=\"noreferrer nofollow noopener\" title=\"https:\/\/www.estadao.com.br\/tudo-sobre\/bts\/\"><strong>BTS<\/strong><\/a>.<\/p>\n<p>Best-seller sul-coreano<\/p>\n<p><img  loading=\"lazy\" class=\"lazy-load-img\"\/><\/p>\n<p>Baek Se Hee\u00a0Foto:  Divulga\u00e7\u00e3o\/Universo dos Livros<\/p>\n<p data-component-name=\"paragraph\" class=\"styles__ParagraphStyled-sc-6adecn-0 gsLklW  \">Queria Morrer, Mas No C\u00e9u N\u00e3o Tem Tteokbokki \u00e9 descrito como o maior best-seller sul-coreano da atualidade. Nele, Baek narra a pr\u00f3pria experi\u00eancia como uma jovem adulta marcada pela ansiedade e pela depress\u00e3o. Desde a inf\u00e2ncia, a autora se descrevia como uma crian\u00e7a introvertida e extremamente sens\u00edvel, que enfrentava sentimentos persistentes de tristeza. <\/p>\n<p data-component-name=\"paragraph\" class=\"styles__ParagraphStyled-sc-6adecn-0 gsLklW  \">Na vida adulta, entre pequenas doses de conforto ao saborear seu prato coreano favorito, o bolinho de arroz quente e picante conhecido como tteokbokki, ela decide recorrer \u00e0 terapia em busca de respostas mais profundas sobre si mesma e sobre seus sentimentos.<\/p>\n","protected":false},"excerpt":{"rendered":"A escritora sul-coreana Baek Se Hee, conhecida mundialmente pelo livro No C\u00e9u N\u00e3o Tem Tteokbokki, morreu nesta semana&hellip;\n","protected":false},"author":2,"featured_media":114932,"comment_status":"","ping_status":"","sticky":false,"template":"","format":"standard","meta":{"footnotes":""},"categories":[143],"tags":[169,114,115,170,8070,32,33],"class_list":{"0":"post-114931","1":"post","2":"type-post","3":"status-publish","4":"format-standard","5":"has-post-thumbnail","7":"category-livros","8":"tag-books","9":"tag-entertainment","10":"tag-entretenimento","11":"tag-livros","12":"tag-null","13":"tag-portugal","14":"tag-pt"},"share_on_mastodon":{"url":"","error":""},"_links":{"self":[{"href":"https:\/\/www.europesays.com\/pt\/wp-json\/wp\/v2\/posts\/114931","targetHints":{"allow":["GET"]}}],"collection":[{"href":"https:\/\/www.europesays.com\/pt\/wp-json\/wp\/v2\/posts"}],"about":[{"href":"https:\/\/www.europesays.com\/pt\/wp-json\/wp\/v2\/types\/post"}],"author":[{"embeddable":true,"href":"https:\/\/www.europesays.com\/pt\/wp-json\/wp\/v2\/users\/2"}],"replies":[{"embeddable":true,"href":"https:\/\/www.europesays.com\/pt\/wp-json\/wp\/v2\/comments?post=114931"}],"version-history":[{"count":0,"href":"https:\/\/www.europesays.com\/pt\/wp-json\/wp\/v2\/posts\/114931\/revisions"}],"wp:featuredmedia":[{"embeddable":true,"href":"https:\/\/www.europesays.com\/pt\/wp-json\/wp\/v2\/media\/114932"}],"wp:attachment":[{"href":"https:\/\/www.europesays.com\/pt\/wp-json\/wp\/v2\/media?parent=114931"}],"wp:term":[{"taxonomy":"category","embeddable":true,"href":"https:\/\/www.europesays.com\/pt\/wp-json\/wp\/v2\/categories?post=114931"},{"taxonomy":"post_tag","embeddable":true,"href":"https:\/\/www.europesays.com\/pt\/wp-json\/wp\/v2\/tags?post=114931"}],"curies":[{"name":"wp","href":"https:\/\/api.w.org\/{rel}","templated":true}]}}