{"id":114933,"date":"2025-10-17T17:25:10","date_gmt":"2025-10-17T17:25:10","guid":{"rendered":"https:\/\/www.europesays.com\/pt\/114933\/"},"modified":"2025-10-17T17:25:10","modified_gmt":"2025-10-17T17:25:10","slug":"rosa-bela-partilha-historia-comovente-foi-encontrado-magrinho-ao-abandono-novelas","status":"publish","type":"post","link":"https:\/\/www.europesays.com\/pt\/114933\/","title":{"rendered":"Rosa Bela partilha hist\u00f3ria comovente: \u00abFoi encontrado magrinho, ao abandono&#8230;\u00bb &#8211; Novelas"},"content":{"rendered":"<p><a href=\"https:\/\/tvi.iol.pt\/novelas\/search?pagina=1&amp;pesquisa=rosa+bela\" rel=\"nofollow noopener\" target=\"_blank\">Rosa Bela<\/a> recorreu \u00e0s redes sociais para partilhar a hist\u00f3ria de um c\u00e3o que foi encontrado em situa\u00e7\u00e3o de abandono e que procura agora uma nova fam\u00edlia. A atriz publicou v\u00e1rias fotografias do animal, descrevendo-o como <strong>\u00abmuito meiguinho\u00bb<\/strong> e <strong>\u00abmuito soci\u00e1vel\u00bb<\/strong>, adiantando que ter\u00e1 cerca de dois anos e que \u00abs\u00f3 quer miminhos\u00bb.<\/p>\n<p><img loading=\"lazy\" decoding=\"async\" alt=\"Rosa Bela apela a ado\u00e7\u00e3o de c\u00e3o abandonado\" height=\"1784\" src=\"https:\/\/www.europesays.com\/pt\/wp-content\/uploads\/2025\/10\/1760721910_985_1000.webp\" width=\"1000\"\/><\/p>\n<p>No apelo, a companheira de <a href=\"https:\/\/tvi.iol.pt\/novelas\/search?pagina=1&amp;pesquisa=carlos+areia\" rel=\"nofollow noopener\" target=\"_blank\">Carlos Areia<\/a> contou que o c\u00e3o foi encontrado <strong>\u00abmagrinho ao abandono\u00bb<\/strong> e que est\u00e1 \u00e0 procura de <strong>\u00abuma fam\u00edlia respons\u00e1vel que o acolha para sempre e com muito amor\u00bb<\/strong>. A atriz pediu ainda que os interessados em adotar entrem em contacto por mensagem privada.<\/p>\n<p>Conhecida pela sua liga\u00e7\u00e3o aos animais e pelo envolvimento em causas solid\u00e1rias, Rosa Bela voltou a usar a sua visibilidade para promover a ado\u00e7\u00e3o respons\u00e1vel e sensibilizar para o problema do abandono animal.<\/p>\n<p>Recentemente, Rosa Bela esteve no canal\u00a0<a href=\"https:\/\/tvi.iol.pt\/vmais\/\" wbo-id=\"51\" rel=\"nofollow noopener\" target=\"_blank\">V+<\/a>, \u00e0 conversa com Ana Rita Clara, onde recordou os tempos de quando chegou a Lisboa:<\/p>\n","protected":false},"excerpt":{"rendered":"Rosa Bela recorreu \u00e0s redes sociais para partilhar a hist\u00f3ria de um c\u00e3o que foi encontrado em situa\u00e7\u00e3o&hellip;\n","protected":false},"author":2,"featured_media":114934,"comment_status":"","ping_status":"","sticky":false,"template":"","format":"standard","meta":{"footnotes":""},"categories":[142],"tags":[160,2657,166,114,115,157,167,164,161,158,165,159,32,33,156,2656,163,151,162],"class_list":{"0":"post-114933","1":"post","2":"type-post","3":"status-publish","4":"format-standard","5":"has-post-thumbnail","7":"category-tv","8":"tag-ana-guiomar","9":"tag-carlos-areia","10":"tag-cristina-ferreira","11":"tag-entertainment","12":"tag-entretenimento","13":"tag-festa-e-festa","14":"tag-ficcao","15":"tag-jose-fidalgo","16":"tag-novelas","17":"tag-para-sempre","18":"tag-pedro-sousa","19":"tag-pedro-teixeira","20":"tag-portugal","21":"tag-pt","22":"tag-queridos-papas","23":"tag-rosa-bela","24":"tag-tiago-teotonio-pereira","25":"tag-tv","26":"tag-tvi"},"share_on_mastodon":{"url":"","error":""},"_links":{"self":[{"href":"https:\/\/www.europesays.com\/pt\/wp-json\/wp\/v2\/posts\/114933","targetHints":{"allow":["GET"]}}],"collection":[{"href":"https:\/\/www.europesays.com\/pt\/wp-json\/wp\/v2\/posts"}],"about":[{"href":"https:\/\/www.europesays.com\/pt\/wp-json\/wp\/v2\/types\/post"}],"author":[{"embeddable":true,"href":"https:\/\/www.europesays.com\/pt\/wp-json\/wp\/v2\/users\/2"}],"replies":[{"embeddable":true,"href":"https:\/\/www.europesays.com\/pt\/wp-json\/wp\/v2\/comments?post=114933"}],"version-history":[{"count":0,"href":"https:\/\/www.europesays.com\/pt\/wp-json\/wp\/v2\/posts\/114933\/revisions"}],"wp:featuredmedia":[{"embeddable":true,"href":"https:\/\/www.europesays.com\/pt\/wp-json\/wp\/v2\/media\/114934"}],"wp:attachment":[{"href":"https:\/\/www.europesays.com\/pt\/wp-json\/wp\/v2\/media?parent=114933"}],"wp:term":[{"taxonomy":"category","embeddable":true,"href":"https:\/\/www.europesays.com\/pt\/wp-json\/wp\/v2\/categories?post=114933"},{"taxonomy":"post_tag","embeddable":true,"href":"https:\/\/www.europesays.com\/pt\/wp-json\/wp\/v2\/tags?post=114933"}],"curies":[{"name":"wp","href":"https:\/\/api.w.org\/{rel}","templated":true}]}}