{"id":114949,"date":"2025-10-17T17:35:17","date_gmt":"2025-10-17T17:35:17","guid":{"rendered":"https:\/\/www.europesays.com\/pt\/114949\/"},"modified":"2025-10-17T17:35:17","modified_gmt":"2025-10-17T17:35:17","slug":"e-se-vier-ai-um-bola-de-ouro-para-o-benfica","status":"publish","type":"post","link":"https:\/\/www.europesays.com\/pt\/114949\/","title":{"rendered":"E se vier a\u00ed um Bola de Ouro para o Benfica?"},"content":{"rendered":"<p>At\u00e9 esteve para falhar o Mundial sub-20, pois o <a class=\"autolink-enabled\" data-resource-id=\"450\" data-resource-type=\"team\" data-sport=\"football\" href=\"https:\/\/www.abola.pt\/futebol\/benfica-450\" rel=\"nofollow noopener\" target=\"_blank\">Benfica<\/a> ponderou vetar a sua presen\u00e7a, entre movimenta\u00e7\u00f5es do mercado e troca de treinador na Luz, mas Gianluca <a class=\"autolink-enabled\" data-resource-id=\"258465\" data-resource-type=\"player\" data-sport=\"football\" href=\"https:\/\/www.abola.pt\/futebol\/jogador\/prestianni-258465\" rel=\"nofollow noopener\" target=\"_blank\">Prestianni<\/a> tem sido uma das figuras do torneio que est\u00e1 a ser disputado no Chile.<\/p>\n<p>O jogador do Benfica tem duas assist\u00eancias na prova, a \u00faltima das quais para o golo de Mateo Silvetti que colocou a sele\u00e7\u00e3o argentina na final de Santiago. Prestianni foi mesmo o MVP nos duelos dos quartos e das meias-finais, pelo que pode muito bem completar o fim de semana como campe\u00e3o do mundo e vencedor da Bola de Ouro, embora tenha forte concorr\u00eancia, como o compatriota <a class=\"autolink-enabled\" data-resource-id=\"306225\" data-resource-type=\"player\" data-sport=\"football\" href=\"https:\/\/www.abola.pt\/futebol\/jogador\/alejo-sarco-306225\" rel=\"nofollow noopener\" target=\"_blank\">Alejo Sarco<\/a>, j\u00e1 com quatro golos marcados, o mexicano <a class=\"autolink-enabled\" data-resource-id=\"4423887\" data-resource-type=\"player\" data-sport=\"football\" href=\"https:\/\/www.abola.pt\/futebol\/jogador\/gilberto-mora-4423887\" rel=\"nofollow noopener\" target=\"_blank\">Gilberto Mora<\/a>, que apresentou um n\u00edvel extraordin\u00e1rio, ou o marroquino <a class=\"autolink-enabled\" data-resource-id=\"310077\" data-resource-type=\"player\" data-sport=\"football\" href=\"https:\/\/www.abola.pt\/futebol\/jogador\/yassir-zabiri-310077\" rel=\"nofollow noopener\" target=\"_blank\">Yassir Zabiri<\/a>, do <a class=\"autolink-enabled\" data-resource-id=\"2614\" data-resource-type=\"team\" data-sport=\"football\" href=\"https:\/\/www.abola.pt\/futebol\/famalicao-2614\" rel=\"nofollow noopener\" target=\"_blank\">Famalic\u00e3o<\/a>.<\/p>\n<p>Mesmo que venha a sair coroado do Chile, a presen\u00e7a no Mundial sub-20 ainda pode ser um presente envenenado para Prestianni. A autoriza\u00e7\u00e3o dada por Jos\u00e9 Mourinho j\u00e1 podia ser interpretada como um mau pren\u00fancio, de resto. Haver\u00e1 sempre um pre\u00e7o a pagar pela aus\u00eancia nestas primeiras semanas de trabalho do novo treinador do Benfica. O argentino at\u00e9 podia estar agora a pensar se seria titular em <a class=\"autolink-enabled\" data-resource-id=\"469\" data-resource-type=\"team\" data-sport=\"football\" href=\"https:\/\/www.abola.pt\/futebol\/chaves-469\" rel=\"nofollow noopener\" target=\"_blank\">Chaves<\/a>, para a <a class=\"autolink-enabled\" data-resource-id=\"112\" data-resource-type=\"competition\" data-sport=\"football\" href=\"https:\/\/www.abola.pt\/futebol\/competicao\/taca-de-portugal-112\" rel=\"nofollow noopener\" target=\"_blank\">Ta\u00e7a de Portugal<\/a>, mas est\u00e1 a compensar essa d\u00edvida com o rendimento que est\u00e1 a apresentar no Campeonato do Mundo.<\/p>\n<p>No Benfica h\u00e1 quase dois anos, Prestianni soma dois golos e outras tantas assist\u00eancias em 24 jogos disputados pela equipa principal, que em tempo de utiliza\u00e7\u00e3o (708 minutos) n\u00e3o chegam a oito jogos completos.<\/p>\n<p>Embora tenha apenas 19 anos, o ex-V\u00e9lez Sarsfield, contratado por cerca de dez milh\u00f5es de euros, deve reconhecer que \u00e9 tamb\u00e9m por culpa pr\u00f3pria que ainda n\u00e3o atingiu outro patamar de \u00e1guia ao peito, mas o t\u00e3o badalado plano de Bruno Lage ficou por compreender. Com Jos\u00e9 Mourinho tamb\u00e9m n\u00e3o \u00e9 de antecipar uma qu\u00edmica imediata, mas o Mundial do Chile pode relan\u00e7ar a discuss\u00e3o em torno do aproveitamento do argentino na Luz.<\/p>\n<p>Na reta final do mercado chegaram refor\u00e7os importantes para o ataque, como <a class=\"autolink-enabled\" data-resource-id=\"228169\" data-resource-type=\"player\" data-sport=\"football\" href=\"https:\/\/www.abola.pt\/futebol\/jogador\/heorhii-sudakov-228169\" rel=\"nofollow noopener\" target=\"_blank\">Sudakov<\/a> e <a class=\"autolink-enabled\" data-resource-id=\"8228\" data-resource-type=\"player\" data-sport=\"football\" href=\"https:\/\/www.abola.pt\/futebol\/jogador\/dodi-lukebakio-8228\" rel=\"nofollow noopener\" target=\"_blank\">Lukebakio<\/a>, mas basta pensar na inquieta\u00e7\u00e3o provocada recentemente pelo problema f\u00edsico do ucraniano para comprovar o d\u00e9fice criativo que o plantel do Benfica continua a ter. Nesse sentido, ser\u00e1 que as \u00e1guias podem dar-se ao luxo de prescindir ou desistir de um jogador com os atributos que Prestanni pode reunir?<\/p>\n<p><a target=\"_blank\" class=\"editor-link\" href=\"https:\/\/profile.google.com\/cp\/CgkvbS8wNWNjOHQ?pf=0\" rel=\"nofollow noopener\">Siga o perfil de A BOLA no Google<\/a><\/p>\n","protected":false},"excerpt":{"rendered":"At\u00e9 esteve para falhar o Mundial sub-20, pois o Benfica ponderou vetar a sua presen\u00e7a, entre movimenta\u00e7\u00f5es do&hellip;\n","protected":false},"author":2,"featured_media":114950,"comment_status":"","ping_status":"","sticky":false,"template":"","format":"standard","meta":{"footnotes":""},"categories":[8],"tags":[27,28,15,16,14,25,26,21,22,12,13,19,20,32,23,24,33,17,18,29,30,31],"class_list":{"0":"post-114949","1":"post","2":"type-post","3":"status-publish","4":"format-standard","5":"has-post-thumbnail","7":"category-principais-noticias","8":"tag-breaking-news","9":"tag-breakingnews","10":"tag-featured-news","11":"tag-featurednews","12":"tag-headlines","13":"tag-latest-news","14":"tag-latestnews","15":"tag-main-news","16":"tag-mainnews","17":"tag-news","18":"tag-noticias","19":"tag-noticias-principais","20":"tag-noticiasprincipais","21":"tag-portugal","22":"tag-principais-noticias","23":"tag-principaisnoticias","24":"tag-pt","25":"tag-top-stories","26":"tag-topstories","27":"tag-ultimas","28":"tag-ultimas-noticias","29":"tag-ultimasnoticias"},"share_on_mastodon":{"url":"","error":""},"_links":{"self":[{"href":"https:\/\/www.europesays.com\/pt\/wp-json\/wp\/v2\/posts\/114949","targetHints":{"allow":["GET"]}}],"collection":[{"href":"https:\/\/www.europesays.com\/pt\/wp-json\/wp\/v2\/posts"}],"about":[{"href":"https:\/\/www.europesays.com\/pt\/wp-json\/wp\/v2\/types\/post"}],"author":[{"embeddable":true,"href":"https:\/\/www.europesays.com\/pt\/wp-json\/wp\/v2\/users\/2"}],"replies":[{"embeddable":true,"href":"https:\/\/www.europesays.com\/pt\/wp-json\/wp\/v2\/comments?post=114949"}],"version-history":[{"count":0,"href":"https:\/\/www.europesays.com\/pt\/wp-json\/wp\/v2\/posts\/114949\/revisions"}],"wp:featuredmedia":[{"embeddable":true,"href":"https:\/\/www.europesays.com\/pt\/wp-json\/wp\/v2\/media\/114950"}],"wp:attachment":[{"href":"https:\/\/www.europesays.com\/pt\/wp-json\/wp\/v2\/media?parent=114949"}],"wp:term":[{"taxonomy":"category","embeddable":true,"href":"https:\/\/www.europesays.com\/pt\/wp-json\/wp\/v2\/categories?post=114949"},{"taxonomy":"post_tag","embeddable":true,"href":"https:\/\/www.europesays.com\/pt\/wp-json\/wp\/v2\/tags?post=114949"}],"curies":[{"name":"wp","href":"https:\/\/api.w.org\/{rel}","templated":true}]}}