{"id":114951,"date":"2025-10-17T17:36:24","date_gmt":"2025-10-17T17:36:24","guid":{"rendered":"https:\/\/www.europesays.com\/pt\/114951\/"},"modified":"2025-10-17T17:36:24","modified_gmt":"2025-10-17T17:36:24","slug":"tais-araujo-chora-ao-falar-de-vale-tudo-e-relata-alivio-com-o-fim-da-trama","status":"publish","type":"post","link":"https:\/\/www.europesays.com\/pt\/114951\/","title":{"rendered":"Ta\u00eds Ara\u00fajo chora ao falar de Vale Tudo e relata al\u00edvio com o fim da trama"},"content":{"rendered":"<p>                            <img width=\"944\" height=\"531\" src=\"https:\/\/www.europesays.com\/pt\/wp-content\/uploads\/2025\/10\/Alivio-Tais-Araujo-chora-com-fim-de-Vale-Tudo-944x531.jpg\" class=\"attachment-custom-large size-custom-large article-featured-image\" alt=\"Al\u00edvio Ta\u00eds Ara\u00fajo chora com fim de Vale Tudo\" fetchpriority=\"high\" decoding=\"async\"  \/><\/p>\n<p>Ta\u00eds Ara\u00fajo relembrou trajet\u00f3ria de Raquel durante o v\u00eddeo (Foto: Redes sociais, Reprodu\u00e7\u00e3o) <\/p>\n<p>Ta\u00eds Ara\u00fajo publicou um v\u00eddeo nas redes sociais para relembrar a trajet\u00f3ria em Vale Tudo, novela da TV Globo que chega ao fim na noite desta sexta-feira (17). No registro, a atriz se emociona ao falar sobre a personagem Raquel, na qual interpreta, e diz ser um \u201cal\u00edvio\u201d <strong><a href=\"https:\/\/www.nsctotal.com.br\/noticias\/antes-de-vila-em-vale-tudo-bella-campos-trabalhou-em-cafe-de-floripa-por-menos-de-r-1-mil\" target=\"_blank\" rel=\"noreferrer noopener nofollow\">o fim da trama<\/a><\/strong>.<\/p>\n<p>Continua depois da publicidade<\/p>\n<p>\u2014 Hoje eu estou indo para o \u00faltimo dia de grava\u00e7\u00e3o de Vale Tudo. S\u00e3o tantos sentimento misturados, mas n\u00e3o vou negar que \u00e9 um al\u00edvio, porque \u00e9 muito tempo envolvida em um trabalho. Mas ao mesmo tempo, \u00e9 um trabalho t\u00e3o bonito e t\u00e3o importante na minha hist\u00f3ria \u2014 come\u00e7a o v\u00eddeo de Ta\u00eds, gravado horas antes da \u00faltima grava\u00e7\u00e3o.<\/p>\n<p>Como \u00e9 a casa de L\u00e1zaro Ramos e Ta\u00eds Ara\u00fajo, a Raquel de Vale Tudo1<\/p>\n<p>VoltarAvan\u00e7ar<\/p>\n<p><img loading=\"lazy\" decoding=\"async\" width=\"1200\" height=\"675\" data-id=\"7690673\" src=\"https:\/\/www.europesays.com\/pt\/wp-content\/uploads\/2025\/10\/casa-de-tais-araujo-de-vale-tudo.jpg\" alt=\"\" class=\"wp-image-7690673\"  \/><\/p>\n<p>Ta\u00eds Ara\u00fajo e Lazaro Ramos (Foto: Reprodu\u00e7\u00e3o, Casa Vogue, YouTube)<\/p>\n<p><img loading=\"lazy\" decoding=\"async\" width=\"1200\" height=\"675\" data-id=\"7589797\" src=\"https:\/\/www.europesays.com\/pt\/wp-content\/uploads\/2025\/08\/Casa-de-Tais-Araujo-a-Raquel-de-Vale-Tudo-5.jpg\" alt=\"Casa de Ta\u00eds Ara\u00fajo a Raquel de Vale Tudo \" class=\"wp-image-7589797\"  \/><\/p>\n<p>Decora\u00e7\u00e3o mostra religiosidade e ra\u00edzes (Foto: Reprodu\u00e7\u00e3o, Casa Vogue, YouTube)<\/p>\n<p><img loading=\"lazy\" decoding=\"async\" width=\"1200\" height=\"675\" data-id=\"7589798\" src=\"https:\/\/www.europesays.com\/pt\/wp-content\/uploads\/2025\/08\/Casa-de-Tais-Araujo-a-Raquel-de-Vale-Tudo-6.jpg\" alt=\"\" class=\"wp-image-7589798\"  \/><\/p>\n<p>Cozinha do apartamento integrada \u00e0 sala (Foto: Reprodu\u00e7\u00e3o, Casa Vogue, YouTube)<\/p>\n<p><img loading=\"lazy\" decoding=\"async\" width=\"1200\" height=\"675\" data-id=\"7589799\" src=\"https:\/\/www.europesays.com\/pt\/wp-content\/uploads\/2025\/08\/Casa-de-Tais-Araujo-a-Raquel-de-Vale-Tudo-7.jpg\" alt=\"Casa de Ta\u00eds Ara\u00fajo a Raquel de Vale Tudo \" class=\"wp-image-7589799\"  \/><\/p>\n<p>Closet (Foto: Reprodu\u00e7\u00e3o, Casa Vogue, YouTube)<\/p>\n<p><img loading=\"lazy\" decoding=\"async\" width=\"1200\" height=\"675\" data-id=\"7589800\" src=\"https:\/\/www.europesays.com\/pt\/wp-content\/uploads\/2025\/08\/Casa-de-Tais-Araujo-a-Raquel-de-Vale-Tudo-8.jpg\" alt=\"\" class=\"wp-image-7589800\"  \/><\/p>\n<p>Sala ampla e integrada (Foto: Reprodu\u00e7\u00e3o, Casa Vogue, YouTube)<\/p>\n<p><img loading=\"lazy\" decoding=\"async\" width=\"1200\" height=\"675\" data-id=\"7589801\" src=\"https:\/\/www.europesays.com\/pt\/wp-content\/uploads\/2025\/08\/Casa-de-Tais-Araujo-a-Raquel-de-Vale-Tudo-9.jpg\" alt=\"Casa de Ta\u00eds Ara\u00fajo a Raquel de Vale Tudo \" class=\"wp-image-7589801\"  \/><\/p>\n<p>Cozinha \u00e9 funcional (Foto: Reprodu\u00e7\u00e3o, Casa Vogue, YouTube)<\/p>\n<p><img loading=\"lazy\" decoding=\"async\" width=\"1200\" height=\"675\" data-id=\"7589802\" src=\"https:\/\/www.europesays.com\/pt\/wp-content\/uploads\/2025\/08\/Casa-de-Tais-Araujo-a-Raquel-de-Vale-Tudo-10.jpg\" alt=\"\" class=\"wp-image-7589802\"  \/><\/p>\n<p>Camarim de Ta\u00eds Ara\u00fajo (Foto: Reprodu\u00e7\u00e3o, Casa Vogue, YouTube)<\/p>\n<p><img loading=\"lazy\" decoding=\"async\" width=\"1200\" height=\"675\" data-id=\"7589803\" src=\"https:\/\/www.europesays.com\/pt\/wp-content\/uploads\/2025\/08\/Casa-de-Tais-Araujo-a-Raquel-de-Vale-Tudo-11.jpg\" alt=\"Casa de Ta\u00eds Ara\u00fajo a Raquel de Vale Tudo \" class=\"wp-image-7589803\"  \/><\/p>\n<p>As poltronas s\u00e3o um dos pontos altos da casa (Foto: Reprodu\u00e7\u00e3o, Casa Vogue, YouTube)<\/p>\n<p><img loading=\"lazy\" decoding=\"async\" width=\"1200\" height=\"675\" data-id=\"7589804\" src=\"https:\/\/www.europesays.com\/pt\/wp-content\/uploads\/2025\/08\/Casa-de-Tais-Araujo-a-Raquel-de-Vale-Tudo-12.jpg\" alt=\"\" class=\"wp-image-7589804\"  \/><\/p>\n<p>Detalhes da decora\u00e7\u00e3o (Foto: Reprodu\u00e7\u00e3o, Casa Vogue, YouTube)<\/p>\n<p><img loading=\"lazy\" decoding=\"async\" width=\"1200\" height=\"675\" data-id=\"7589805\" src=\"https:\/\/www.europesays.com\/pt\/wp-content\/uploads\/2025\/08\/Casa-de-Tais-Araujo-a-Raquel-de-Vale-Tudo-2.jpg\" alt=\"Casa de Ta\u00eds Ara\u00fajo a Raquel de Vale Tudo \" class=\"wp-image-7589805\"  \/><\/p>\n<p>Varanda tem projeto de paisagismo (Foto: Reprodu\u00e7\u00e3o, Casa Vogue, YouTube)<\/p>\n<p><img loading=\"lazy\" decoding=\"async\" width=\"1200\" height=\"675\" data-id=\"7589806\" src=\"https:\/\/www.europesays.com\/pt\/wp-content\/uploads\/2025\/08\/Casa-de-Tais-Araujo-a-Raquel-de-Vale-Tudo-3.jpg\" alt=\"\" class=\"wp-image-7589806\"  \/><\/p>\n<p>Apartamento foi reformado (Foto: Reprodu\u00e7\u00e3o, Casa Vogue, YouTube)<\/p>\n<p><img loading=\"lazy\" decoding=\"async\" width=\"1200\" height=\"675\" data-id=\"7589807\" src=\"https:\/\/www.europesays.com\/pt\/wp-content\/uploads\/2025\/08\/Casa-de-Tais-Araujo-a-Raquel-de-Vale-Tudo.jpg\" alt=\"Casa de Ta\u00eds Ara\u00fajo a Raquel de Vale Tudo \" class=\"wp-image-7589807\"  \/><\/p>\n<p>Detalhes refletem a personalidade do casal (Foto: Reprodu\u00e7\u00e3o, Casa Vogue, YouTube)<\/p>\n<p>A atriz destacou que \u201cdeu a alma\u201d para a personagem e que Raquel representa as mulheres brasileiras que est\u00e3o no corre para levar a vida, e que muitas vezes abrem m\u00e3o dos sonhos para cuidar da fam\u00edlia:<\/p>\n<p>\u2014 Eu sou apaixonada por essa personagem. Pelos dilemas dela. Pelas quest\u00f5es dela. E por tudo o que atravessa essa mulher. [Raquel] \u00e9 uma mulher com tantas qualidades e tamb\u00e9m defeitos. Ela me fez mergulhar em sentimentos muito profundos mesmo, de inseguran\u00e7as que s\u00e3o minhas tamb\u00e9m, enquanto m\u00e3e.<\/p>\n<p>Continua depois da publicidade<\/p>\n<p>\u201cHoras antes do meu \u00faltimo dia de grava\u00e7\u00e3o de Vale Tudo, abri meu cora\u00e7\u00e3o pra vcs. Obrigada pelo carinho de sempre!\u201d, diz a legenda da publica\u00e7\u00e3o.<\/p>\n<p>Veja o v\u00eddeo Leia mais <\/p>\n<p><strong><a href=\"https:\/\/www.nsctotal.com.br\/noticias\/antes-de-vila-em-vale-tudo-bella-campos-trabalhou-em-cafe-de-floripa-por-menos-de-r-1-mil\" target=\"_blank\" rel=\"noreferrer noopener nofollow\">Antes de vil\u00e3 em Vale Tudo, Bella Campos trabalhou em caf\u00e9 de Floripa por menos de R$ 1 mil<\/a><\/strong><\/p>\n<p><strong><a href=\"https:\/\/www.nsctotal.com.br\/noticias\/vale-tudo-mostra-que-entretenimento-e-a-trend-da-vida-real\" target=\"_blank\" rel=\"noreferrer noopener nofollow\">Vale Tudo mostra que entretenimento \u00e9 a trend da vida real<\/a><\/strong><\/p>\n","protected":false},"excerpt":{"rendered":"Ta\u00eds Ara\u00fajo relembrou trajet\u00f3ria de Raquel durante o v\u00eddeo (Foto: Redes sociais, Reprodu\u00e7\u00e3o) Ta\u00eds Ara\u00fajo publicou um v\u00eddeo&hellip;\n","protected":false},"author":2,"featured_media":114952,"comment_status":"","ping_status":"","sticky":false,"template":"","format":"standard","meta":{"footnotes":""},"categories":[145],"tags":[211,210,829,114,115,32,33],"class_list":{"0":"post-114951","1":"post","2":"type-post","3":"status-publish","4":"format-standard","5":"has-post-thumbnail","7":"category-celebridades","8":"tag-celebridades","9":"tag-celebrities","10":"tag-conteudo-liberado","11":"tag-entertainment","12":"tag-entretenimento","13":"tag-portugal","14":"tag-pt"},"share_on_mastodon":{"url":"","error":""},"_links":{"self":[{"href":"https:\/\/www.europesays.com\/pt\/wp-json\/wp\/v2\/posts\/114951","targetHints":{"allow":["GET"]}}],"collection":[{"href":"https:\/\/www.europesays.com\/pt\/wp-json\/wp\/v2\/posts"}],"about":[{"href":"https:\/\/www.europesays.com\/pt\/wp-json\/wp\/v2\/types\/post"}],"author":[{"embeddable":true,"href":"https:\/\/www.europesays.com\/pt\/wp-json\/wp\/v2\/users\/2"}],"replies":[{"embeddable":true,"href":"https:\/\/www.europesays.com\/pt\/wp-json\/wp\/v2\/comments?post=114951"}],"version-history":[{"count":0,"href":"https:\/\/www.europesays.com\/pt\/wp-json\/wp\/v2\/posts\/114951\/revisions"}],"wp:featuredmedia":[{"embeddable":true,"href":"https:\/\/www.europesays.com\/pt\/wp-json\/wp\/v2\/media\/114952"}],"wp:attachment":[{"href":"https:\/\/www.europesays.com\/pt\/wp-json\/wp\/v2\/media?parent=114951"}],"wp:term":[{"taxonomy":"category","embeddable":true,"href":"https:\/\/www.europesays.com\/pt\/wp-json\/wp\/v2\/categories?post=114951"},{"taxonomy":"post_tag","embeddable":true,"href":"https:\/\/www.europesays.com\/pt\/wp-json\/wp\/v2\/tags?post=114951"}],"curies":[{"name":"wp","href":"https:\/\/api.w.org\/{rel}","templated":true}]}}