{"id":11497,"date":"2025-08-01T12:33:12","date_gmt":"2025-08-01T12:33:12","guid":{"rendered":"https:\/\/www.europesays.com\/pt\/11497\/"},"modified":"2025-08-01T12:33:12","modified_gmt":"2025-08-01T12:33:12","slug":"18-lancamentos-literarios-de-agosto-para-atualizar-sua-estante","status":"publish","type":"post","link":"https:\/\/www.europesays.com\/pt\/11497\/","title":{"rendered":"18 lan\u00e7amentos liter\u00e1rios de agosto para atualizar sua estante"},"content":{"rendered":"<p data-start=\"203\" data-end=\"543\">Agosto marca a chegada de uma s\u00e9rie de lan\u00e7amentos <a href=\"https:\/\/bravo.abril.com.br\/literatura\/bioy-e-borges-livro-cia-das-letras-entreivsta-emilio-fraia\/\" target=\"_blank\" rel=\"noopener nofollow\">liter\u00e1rios<\/a> relevantes para quem planeja as leituras do segundo semestre. Entre reedi\u00e7\u00f5es aguardadas, romances de forma\u00e7\u00e3o, ensaios pol\u00edticos e estreias potentes, a sele\u00e7\u00e3o de livros contempla autores brasileiros e internacionais que exploram temas como amadurecimento, viol\u00eancia, identidade, justi\u00e7a e mem\u00f3ria.<\/p>\n<p data-start=\"545\" data-end=\"745\">O m\u00eas tamb\u00e9m traz de volta <strong>Paulo Leminski<\/strong>, autor homenageado na Flip 2025, com a nova edi\u00e7\u00e3o de Gozo fabuloso, que destaca seu trabalho como contista e cronista, para al\u00e9m da poesia que o consagrou. Abaixo, reunimos os principais t\u00edtulos que chegam \u00e0s livrarias ao longo do m\u00eas.<\/p>\n<p><b>Gozo fabuloso, de Paulo Leminski<br \/>(Todavia, 2025)<\/b><\/p>\n<p>Gozo fabuloso\u00a0revela o talento de Paulo Leminski, autor que foi homenageado pela Flip neste ano, para a fic\u00e7\u00e3o, al\u00e9m da poesia pela qual \u00e9 mais conhecido. Organizado pelo pr\u00f3prio autor, o livro re\u00fane contos, cr\u00f4nicas e textos diversos que transitam entre o erudito, o popular, o c\u00f4mico e o l\u00edrico. Publicada postumamente em 2004, a obra \u00e9 uma celebra\u00e7\u00e3o da inventividade e do jogo de linguagem, com narrativas que misturam humor, mist\u00e9rio e poesia em m\u00faltiplas camadas.\u00a0<\/p>\n<p>    <img loading=\"lazy\" decoding=\"async\" alt=\"gozo-fabuloso-paulo-leminski-todavia\" class=\"wp-image-28992 size-medium\" src=\"https:\/\/www.europesays.com\/pt\/wp-content\/uploads\/2025\/08\/gozo.jpg\" border=\"0\" title=\"Gozo fabuloso, de Paulo Leminski (Todavia, 2025)\" width=\"194\" height=\"300\" data-restrict=\"false\" data-portal-copyright=\"Todavia\" data-image-caption=\"\" data-image-title=\"\" data-image-source=\"divulga\u00e7\u00e3o\"\/><br \/>\n     \u2013 (Todavia\/divulga\u00e7\u00e3o)<\/p>\n<p><b>O tempo da inf\u00e2ncia, Fran\u00e7oise Ega<br \/>(Todavia, 2025)<\/b><\/p>\n<p>Em O tempo da inf\u00e2ncia, Fran\u00e7oise Ega oferece um romance de forma\u00e7\u00e3o marcado por uma perspectiva infantil e sens\u00edvel. Ambientado na Martinica rural dos anos 1920, o livro retrata a vida simples e dura de uma menina humilde em Morne-Rouge, revelando as alegrias e dificuldades de sua comunidade. A narrativa ganha for\u00e7a ao abordar, de forma antirracista e feminista, as experi\u00eancias de ser mulher negra, pobre e descendente de escravizados sob o dom\u00ednio colonial franc\u00eas.\u00a0<\/p>\n<p>    Continua ap\u00f3s a publicidade<\/p>\n<p>    <img loading=\"lazy\" decoding=\"async\" alt=\"tempo-infancia-francoise-ega-todavia\" class=\"wp-image-29001 size-medium\" src=\"https:\/\/www.europesays.com\/pt\/wp-content\/uploads\/2025\/08\/tempo-da-infancia.jpg\" border=\"0\" title=\"tempo da infancia\" width=\"198\" height=\"300\" data-restrict=\"false\" data-portal-copyright=\"Todavia\" data-image-caption=\"\" data-image-title=\"\" data-image-source=\"divulga\u00e7\u00e3o\"\/><br \/>\n     \u2013 (Todavia\/divulga\u00e7\u00e3o)<\/p>\n<p><b>Os urubus n\u00e3o esquecem, Pedro Cesarino<br \/>(Todavia, 2025)<\/b><\/p>\n<p>Em meio \u00e0s queimadas que consomem a Amaz\u00f4nia, Maya descobre os restos de sete jovens ind\u00edgenas no lix\u00e3o, mas seu filho desaparecido n\u00e3o est\u00e1 entre eles. Determinada, ela parte em busca de respostas, guiada por parentes que a conduzem por mundos al\u00e9m do vis\u00edvel. Este romance sens\u00edvel e urgente retrata a devasta\u00e7\u00e3o causada pelo desmatamento, narcotr\u00e1fico e a cumplicidade pol\u00edtica, contrapondo a dureza do presente com la\u00e7os afetivos e po\u00e9ticos que resistem na floresta.<\/p>\n<p>    <img loading=\"lazy\" decoding=\"async\" alt=\"urubus-nao-esquecem-pedro-cesarino-todavia\" class=\"wp-image-28999 size-medium\" src=\"https:\/\/www.europesays.com\/pt\/wp-content\/uploads\/2025\/08\/os-urubus.jpg\" border=\"0\" title=\"Os urubus n\u00e3o esquecem, Pedro Cesarino (Todavia, 2025)\" width=\"194\" height=\"300\" data-restrict=\"false\" data-portal-copyright=\"Todavia\" data-image-caption=\"\" data-image-title=\"\" data-image-source=\"divulga\u00e7\u00e3o\"\/><br \/>\n     \u2013 (Todavia\/divulga\u00e7\u00e3o)<\/p>\n<p><b>Caminho para o grito, de Jarid Arraes<br \/>(Companhia das Letras, 2025)<\/b><\/p>\n<p>Em tr\u00eas partes que atravessam a inf\u00e2ncia, a juventude e a maturidade, a autora transforma o trauma do abuso sexual em poesia, enfrentando temas como pedofilia, viol\u00eancia de g\u00eanero e machismo estrutural. Com coragem e lirismo, o livro percorre o dif\u00edcil processo de romper o sil\u00eancio e reivindicar o pr\u00f3prio corpo e a pr\u00f3pria voz. Mais do que den\u00fancia, \u00e9 um ato de liberta\u00e7\u00e3o e reconstru\u00e7\u00e3o.<\/p>\n<p>    Continua ap\u00f3s a publicidade<\/p>\n<p>    <img loading=\"lazy\" decoding=\"async\" alt=\"caminho-para-grito-jarid-arraes-companhia-letras\" class=\"wp-image-28996 size-medium\" src=\"https:\/\/www.europesays.com\/pt\/wp-content\/uploads\/2025\/08\/o-caminho-para-o-grito.jpg\" border=\"0\" title=\"o caminho para o grito\" width=\"200\" height=\"300\" data-restrict=\"false\" data-portal-copyright=\"Companhia das Letras\" data-image-caption=\"\" data-image-title=\"\" data-image-source=\"divulga\u00e7\u00e3o\"\/><br \/>\n     \u2013 (Companhia das Letras\/divulga\u00e7\u00e3o)<\/p>\n<p><b>Nossa Senhora das Flores, Jean Genet<br \/>(Todavia, 2025)<\/b><\/p>\n<p>Escrito durante uma das estadias de Jean Genet nas pris\u00f5es francesas, este livro nasce de suas mem\u00f3rias e obsess\u00f5es \u00edntimas. Combinando autobiografia, lirismo e uma puls\u00e3o er\u00f3tica subversiva, a obra n\u00e3o apenas retrata, mas cria um universo pr\u00f3prio. O narrador transita entre reflex\u00f5es sobre <a href=\"https:\/\/bravo.abril.com.br\/arte\/\" rel=\"nofollow noopener\" target=\"_blank\">arte<\/a> e explos\u00f5es de vitalidade, conferindo ao romance uma atualidade que ressoa com autores contempor\u00e2neos como \u00c9douard Louis, Paul B. Preciado e Annie Ernaux.<\/p>\n<p>    <img loading=\"lazy\" decoding=\"async\" alt=\"nossa-senhora-flores-jean-genet-todavia\" class=\"wp-image-28995 size-medium\" src=\"https:\/\/www.europesays.com\/pt\/wp-content\/uploads\/2025\/08\/nossa-senhora.jpg\" border=\"0\" title=\"Nossa Senhora das Flores, Jean Genet (Todavia, 2025)\" width=\"197\" height=\"300\" data-restrict=\"false\" data-portal-copyright=\"Todavia\" data-image-caption=\"\" data-image-title=\"\" data-image-source=\"divulga\u00e7\u00e3o\"\/><br \/>\n     \u2013 (Todavia\/divulga\u00e7\u00e3o)<\/p>\n<p><strong>Conspira\u00e7\u00e3o de nuvens, de Lygia Fagundes Telles<br \/>(Companhia das Letras, 2025)<\/strong><\/p>\n<p>\u00daltimo livro escrito por Lygia Fagundes Telles antes de sua morte, em 2022, Conspira\u00e7\u00e3o de nuvens\u00a0re\u00fane contos, cr\u00f4nicas e mem\u00f3rias marcadas pela perda, pela poesia e pelo afeto. Publicado originalmente em 2007, ap\u00f3s a morte de seu filho Goffredo, o livro mescla relatos autobiogr\u00e1ficos e reflex\u00f5es sobre <a href=\"https:\/\/bravo.abril.com.br\/literatura\" rel=\"nofollow noopener\" target=\"_blank\">literatura<\/a>, pol\u00edtica e fam\u00edlia, revelando uma autora em estado de delicadeza e resist\u00eancia. Dedicada \u00e0s netas Lucia e Margarida, esta edi\u00e7\u00e3o definitiva conta com textos de jornalistas e um posf\u00e1cio comovente de Lucia Telles, que reconhece na escrita o impulso vital de Lygia para seguir adiante.<\/p>\n<p>    Continua ap\u00f3s a publicidade<\/p>\n<p>    <img loading=\"lazy\" decoding=\"async\" alt=\"conspiracao-nuvens-lygia-fagundes-telles-companhia-letras\" class=\"wp-image-28993 size-medium\" src=\"https:\/\/www.europesays.com\/pt\/wp-content\/uploads\/2025\/08\/lygia.jpg\" border=\"0\" title=\"Conspira\u00e7\u00e3o de nuvens, de Lygia Fagundes Telles (Companhia das Letras, 2025)\" width=\"200\" height=\"300\" data-restrict=\"false\" data-portal-copyright=\"Companhia das Letras\" data-image-caption=\"\" data-image-title=\"\" data-image-source=\"divulga\u00e7\u00e3o\"\/><br \/>\n     \u2013 (Companhia das Letras\/divulga\u00e7\u00e3o)<\/p>\n<p><strong>As meninas do laranjal, de Gabriela Cabez\u00f3n C\u00e1mara<br \/>(Companhia das Letras, 2025)<\/strong><\/p>\n<p>Em As meninas do laranjal, Gabriela Cabez\u00f3n C\u00e1mara reimagina a trajet\u00f3ria da Monja Alferes, figura hist\u00f3rica do s\u00e9culo XVII, para criar uma narrativa poderosa sobre identidade, colonialismo e transforma\u00e7\u00e3o. Antonio, personagem inspirado em Catalina de Erauso, abandona os ideais da Coroa espanhola ao decidir libertar duas crian\u00e7as ind\u00edgenas e proteg\u00ea-las na floresta. Em cartas escritas \u00e0 tia, ele revisita seu passado enquanto enfrenta questionamentos provocadores das meninas. Com lirismo e inventividade, a autora oferece uma reflex\u00e3o profunda sobre g\u00eanero, mem\u00f3ria e justi\u00e7a, consolidando sua voz como uma das mais originais da literatura latino-americana.<\/p>\n<p>    <img loading=\"lazy\" decoding=\"async\" alt=\"meninas-laranjal-gabriela-cabezon-camara-companhia-letras\" class=\"wp-image-28991 size-medium\" src=\"https:\/\/www.europesays.com\/pt\/wp-content\/uploads\/2025\/08\/as-meninas.jpg\" border=\"0\" title=\"As meninas do laranjal, de Gabriela Cabez\u00f3n C\u00e1mara (Companhia das Letras, 2025)\" width=\"200\" height=\"300\" data-restrict=\"false\" data-portal-copyright=\"Companhia das Letras\" data-image-caption=\"\" data-image-title=\"\" data-image-source=\"divulga\u00e7\u00e3o\"\/><br \/>\n     \u2013 (Companhia das Letras\/divulga\u00e7\u00e3o)<\/p>\n<p><b>Aboli\u00e7\u00e3o, de Angela Y. Davis<br \/>(Companhia das Letras, 2025)<\/b><\/p>\n<p>A pesquisadora re\u00fane ensaios essenciais que revisitam cinco d\u00e9cadas de luta antirracista e feminista, lan\u00e7ando um olhar cr\u00edtico sobre o sistema prisional. A obra prop\u00f5e uma an\u00e1lise profunda das origens e consequ\u00eancias do encarceramento em massa, revelando suas conex\u00f5es com a escravid\u00e3o, o capitalismo e a desigualdade estrutural. Com lucidez e urg\u00eancia, Davis apresenta a hist\u00f3ria do abolicionismo penal e destaca o protagonismo das mulheres na constru\u00e7\u00e3o de alternativas reais para um futuro sem pris\u00f5es.<\/p>\n<p>    Continua ap\u00f3s a publicidade<\/p>\n<p>    <img loading=\"lazy\" decoding=\"async\" alt=\"abolicao-angela-davis-companhia-letras\" class=\"wp-image-28990 size-medium\" src=\"https:\/\/www.europesays.com\/pt\/wp-content\/uploads\/2025\/08\/abolicao.jpg\" border=\"0\" title=\"Aboli\u00e7\u00e3o, de Angela Y. Davis (Companhia das Letras, 2025)\" width=\"200\" height=\"300\" data-restrict=\"false\" data-portal-copyright=\"Companhia das Letras\" data-image-caption=\"\" data-image-title=\"\" data-image-source=\"divulga\u00e7\u00e3o\"\/><br \/>\n     \u2013 (Companhia das Letras\/divulga\u00e7\u00e3o)<\/p>\n<p><b>Mem\u00f3ria do ch\u00e3o, de Marcelo Labes<br \/>(Companhia das Letras, 2025)<\/b><\/p>\n<p>Marcelo Labes recria, em tom autoficcional, os anos de forma\u00e7\u00e3o de um jovem catarinense em um col\u00e9gio interno no Sul do Brasil. Rafael, filho de uma fam\u00edlia humilde, sonha em ser pastor luterano, mas v\u00ea seus planos desmoronarem ao ingressar numa escola onde o curso teol\u00f3gico foi encerrado. O que parecia um erro de percurso se transforma numa jornada de descobertas: amizades intensas, paix\u00f5es, transgress\u00f5es e as dores da adolesc\u00eancia. Alternando passado e presente, o romance tra\u00e7a uma narrativa sens\u00edvel sobre amadurecimento, pertencimento e o dif\u00edcil ajuste de contas com a pr\u00f3pria hist\u00f3ria. Vencedor do Pr\u00eamio S\u00e3o Paulo de Literatura.<\/p>\n<p>    <img loading=\"lazy\" decoding=\"async\" alt=\"memoria-chao-marcelo-labes-companhia-letras\" class=\"wp-image-28994 size-medium\" src=\"https:\/\/www.europesays.com\/pt\/wp-content\/uploads\/2025\/08\/memoria-do-chao.jpg\" border=\"0\" title=\"Mem\u00f3ria do ch\u00e3o, de Marcelo Labes (Companhia das Letras, 2025)\" width=\"200\" height=\"300\" data-restrict=\"false\" data-portal-copyright=\"Companhia das Letras\" data-image-caption=\"\" data-image-title=\"\" data-image-source=\"divulga\u00e7\u00e3o\"\/><br \/>\n     \u2013 (Companhia das Letras\/divulga\u00e7\u00e3o)<\/p>\n<p><b>O Projeto, de David A. Graham<br \/>(Zahar, 2025)<\/b><\/p>\n<p>    Continua ap\u00f3s a publicidade<\/p>\n<p>David A. Graham, investiga os bastidores da extrema direita norte-americana e revela como o chamado Projeto 2025 \u2014 um extenso plano de quase mil p\u00e1ginas \u2014 pretende consolidar uma presid\u00eancia autorit\u00e1ria nos EUA. Com posf\u00e1cio in\u00e9dito do autor para a edi\u00e7\u00e3o brasileira, o livro exp\u00f5e as estrat\u00e9gias, os idealizadores e os riscos reais de uma ofensiva contra as institui\u00e7\u00f5es democr\u00e1ticas.\u00a0<\/p>\n<p>    <img loading=\"lazy\" decoding=\"async\" alt=\"projeto-david-graham-zahar\" class=\"wp-image-28997 size-medium\" src=\"https:\/\/www.europesays.com\/pt\/wp-content\/uploads\/2025\/08\/o-projeto.jpg\" border=\"0\" title=\"O Projeto, de David A. Graham (Zahar, 2025)\" width=\"200\" height=\"300\" data-restrict=\"false\" data-portal-copyright=\"Zahar\" data-image-caption=\"\" data-image-title=\"\" data-image-source=\"divulga\u00e7\u00e3o\"\/><br \/>\n     \u2013 (Zahar\/divulga\u00e7\u00e3o)<\/p>\n<p><strong>Pensar Fanon, v\u00e1rios autores<br \/>(Ubu, 2025)<\/strong><\/p>\n<p>Frantz Fanon, cem anos depois, ainda pulsa. Esta colet\u00e2nea re\u00fane onze ensaios in\u00e9ditos em portugu\u00eas que revisitam e reinventam o pensamento do autor de Pele negra, m\u00e1scaras brancas. Com vozes como bell hooks, Achille Mbembe, Sylvia Wynter e Deivison Faustino, o livro apresenta um Fanon m\u00faltiplo e reafirma sua relev\u00e2ncia para pensar as feridas do colonialismo e os caminhos para novas formas de exist\u00eancia.<\/p>\n<p>    <img loading=\"lazy\" decoding=\"async\" alt=\"pensar-fanon-ubu\" class=\"wp-image-29000 size-medium\" src=\"https:\/\/www.europesays.com\/pt\/wp-content\/uploads\/2025\/08\/pensar-fanon.jpg\" border=\"0\" title=\"pensar fanon\" width=\"196\" height=\"300\" data-restrict=\"false\" data-portal-copyright=\"Ubu\" data-image-caption=\"\" data-image-title=\"\" data-image-source=\"divulga\u00e7\u00e3o\"\/><br \/>\n     \u2013 (Ubu\/divulga\u00e7\u00e3o)<\/p>\n<p><b>Mang\u00e1 | A pris\u00e3o no c\u00e9u, de Mina Sakurai e Marco Kohinata<br \/>(JBC, 2025)<\/b><\/p>\n<p>Em um sal\u00e3o de beleza instalado em uma penitenci\u00e1ria feminina, Haru Komatsubara encontra um caminho de reden\u00e7\u00e3o ao se tornar cabeleireira. Sob um c\u00e9u azul pintado nas paredes, ela acolhe clientes comuns, oferecendo n\u00e3o apenas cortes de cabelo, mas momentos de paz e escuta. Por que essas mulheres escolhem esse lugar para se transformar? E o que move Haru a seguir nesse of\u00edcio? Esta delicada narrativa em volume \u00fanico revela encontros silenciosos e curativos entre mundos separados por grades, mas unidos pela busca por recome\u00e7os.<\/p>\n<p>    <img loading=\"lazy\" decoding=\"async\" alt=\"manga-prisao-ceu-mina-sakurai-marco-kohinata-jbc\" class=\"wp-image-28988 size-medium\" src=\"https:\/\/www.europesays.com\/pt\/wp-content\/uploads\/2025\/08\/A-prisao-no-ceu.jpg\" border=\"0\" title=\"Mang\u00e1 | A pris\u00e3o no c\u00e9u, de Mina Sakurai e Marco Kohinata (JBC, 2025)\" width=\"214\" height=\"300\" data-restrict=\"false\" data-portal-copyright=\"JBC\" data-image-caption=\"\" data-image-title=\"\" data-image-source=\"divulga\u00e7\u00e3o\"\/><br \/>\n     \u2013 (JBC\/divulga\u00e7\u00e3o)<\/p>\n<p><b>A convidada, de Emma Cline<br \/>(Intr\u00ednseca, 2025)<\/b><\/p>\n<p>A autora constr\u00f3i uma protagonista inquieta e amb\u00edgua, que oscila entre liberdade e abandono. Expulsa do apartamento onde morava, Alex aceita se hospedar na casa de praia de Simon, um homem mais velho com quem mal iniciou um relacionamento. Ap\u00f3s ser dispensada repentinamente, ela decide permanecer em Long Island, flutuando entre casas alheias e pequenas farsas, guiada por desejos confusos e decis\u00f5es impulsivas. Nesta narrativa envolvente, o romance investiga a solid\u00e3o feminina, os limites da adapta\u00e7\u00e3o e o pre\u00e7o de existir \u00e0 margem.<\/p>\n<p>    <img loading=\"lazy\" decoding=\"async\" alt=\"convidada-emma-cline-iIntrinseca\" class=\"wp-image-28987 size-medium\" src=\"https:\/\/www.europesays.com\/pt\/wp-content\/uploads\/2025\/08\/a-convidada.jpg\" border=\"0\" title=\"A convidada, de Emma Cline (Intr\u00ednseca, 2025)\" width=\"199\" height=\"300\" data-restrict=\"false\" data-portal-copyright=\"Intr\u00ednseca\" data-image-caption=\"\" data-image-title=\"\" data-image-source=\"divulga\u00e7\u00e3o\"\/><br \/>\n     \u2013 (Intr\u00ednseca\/divulga\u00e7\u00e3o)<\/p>\n<p><b>No meio da noite, de Riley Sager (Intr\u00ednseca, 2025)<\/b><\/p>\n<p>Trinta anos ap\u00f3s o desaparecimento de seu melhor amigo, Ethan Marsh retorna \u00e0 casa onde tudo aconteceu, determinado a desvendar o mist\u00e9rio que marcou sua inf\u00e2ncia. Em uma noite de ver\u00e3o de 1994, Billy Barringer sumiu sem deixar rastros enquanto acampava no quintal da casa de Ethan, em uma rua tranquila de Nova Jersey. Agora adulto, atormentado por pesadelos e sinais inquietantes que surgem na calada da noite \u2014 luzes acesas, objetos fora do lugar, presen\u00e7as inexplic\u00e1veis \u2014, Ethan mergulha em uma investiga\u00e7\u00e3o obsessiva. Neste thriller psicol\u00f3gico, o passado retorna de forma perturbadora, revelando que mesmo os lugares mais pacatos escondem segredos sombrios.<\/p>\n<p>    <img loading=\"lazy\" decoding=\"async\" alt=\"no-meio-noite-riley-sager-intrinseca\" class=\"wp-image-29004 size-medium\" src=\"https:\/\/www.europesays.com\/pt\/wp-content\/uploads\/2025\/08\/No-meio-da-noite-de-Riley-Sager-Intrinseca-2025.jpg\" border=\"0\" title=\"No meio da noite, de Riley Sager (Intr\u00ednseca, 2025)\" width=\"200\" height=\"300\" data-restrict=\"false\" data-portal-copyright=\"Intr\u00ednseca\" data-image-caption=\"\" data-image-title=\"\" data-image-source=\"divulga\u00e7\u00e3o\"\/><br \/>\n     \u2013 (Intr\u00ednseca\/divulga\u00e7\u00e3o)<\/p>\n<p><strong>Infanto-juvenil | A torre de \u00e1gua, de Lote Vilma (Bai\u00e3o, 2025)<\/strong><\/p>\n<p>Este di\u00e1rio \u00edntimo e vibrante retrata com sensibilidade a complexidade da adolesc\u00eancia e o universo interior de cada um. A protagonista encontra ref\u00fagio em sua \u201ctorre de \u00e1gua\u201d, um espa\u00e7o feito de lembran\u00e7as, pensamentos e sonhos, onde tenta escapar do t\u00e9dio da rotina e da incompreens\u00e3o dos adultos. Com linguagem delicada, o livro explora a solid\u00e3o, os desafios do crescimento e a busca por pertencimento em meio a um mundo que ainda a v\u00ea apenas como uma crian\u00e7a.<\/p>\n<p>    <img loading=\"lazy\" decoding=\"async\" alt=\"infanto-juvenil-torre-agua-lote-vilma-baiao\" class=\"wp-image-28989 size-medium\" src=\"https:\/\/www.europesays.com\/pt\/wp-content\/uploads\/2025\/08\/a-torre.jpg\" border=\"0\" title=\"Infanto-juvenil | A torre de \u00e1gua, de Lote Vilma (Bai\u00e3o, 2025)\" width=\"209\" height=\"300\" data-restrict=\"false\" data-portal-copyright=\"Bai\u00e3o\" data-image-caption=\"\" data-image-title=\"\" data-image-source=\"divulga\u00e7\u00e3o\"\/><br \/>\n     \u2013 (Bai\u00e3o\/divulga\u00e7\u00e3o)<\/p>\n<p><b>Os p\u00eassegos e outros contos, de Dylan Thomas (Cadernos Poente, 2025)<\/b><\/p>\n<p>Esta colet\u00e2nea de quatro contos revela a genialidade de Dylan Thomas, um dos maiores escritores do s\u00e9culo XX. Tr\u00eas hist\u00f3rias autobiogr\u00e1ficas misturam lirismo e humor ao retratar a inf\u00e2ncia, a juventude e o come\u00e7o da vida adulta. O conto final, \u201cEscola para bruxas\u201d, destaca seu talento para o imagin\u00e1rio surreal, evidenciando a flexibilidade e o poder da prosa do autor gal\u00eas.<\/p>\n<p>    <img loading=\"lazy\" decoding=\"async\" alt=\"pessegos-outros-contos-dylan-thomas-cadernos-poente\" class=\"wp-image-28998 size-medium\" src=\"https:\/\/www.europesays.com\/pt\/wp-content\/uploads\/2025\/08\/os-pessegos.jpg\" border=\"0\" title=\"Os p\u00eassegos e outros contos, de Dylan Thomas (Cadernos Poente, 2025)\" width=\"222\" height=\"300\" data-restrict=\"false\" data-portal-copyright=\"Cadernos Poente\" data-image-caption=\"\" data-image-title=\"\" data-image-source=\"divulga\u00e7\u00e3o\"\/><br \/>\n     \u2013 (Cadernos Poente\/divulga\u00e7\u00e3o)<\/p>\n<p><b>Um cap\u00edtulo sobre sonhos e outros ensaios, de Robert Louis Stevenson (WMF Martins Fontes, 2025)<\/b><\/p>\n<p>No pref\u00e1cio, Joca Reiners Terron destaca a magia \u00fanica da leitura compartilhada, assim como Robert Louis Stevenson revela seu amor pelas palavras e a busca pela frase perfeita neste volume de ensaios liter\u00e1rios. Mais que um prosador de estilo refinado, Stevenson se mostra um pensador perspicaz, que combina humor, ironia e reflex\u00e3o em textos que v\u00e3o do confessional ao filos\u00f3fico. Entre hist\u00f3rias como \u201cMeu primeiro livro: A Ilha do Tesouro\u201d e \u201cA filosofia dos guarda-chuvas\u201d, seus escritos expressam um humanismo sincero que une \u00e9tica e est\u00e9tica em prol da transforma\u00e7\u00e3o humana, evidenciando o poder da grande literatura.<\/p>\n<p>    <img loading=\"lazy\" decoding=\"async\" alt=\"um-capitulo-sobre-sonhos-outros-ensaios-robert-louis-stevenson-wmf-martins-fontes\" class=\"wp-image-29002 size-medium\" src=\"https:\/\/www.europesays.com\/pt\/wp-content\/uploads\/2025\/08\/um-capitulo.jpg\" border=\"0\" title=\"Um cap\u00edtulo sobre sonhos e outros ensaios, de Robert Louis Stevenson (WMF Martins Fontes, 2025)\" width=\"202\" height=\"300\" data-restrict=\"false\" data-portal-copyright=\"WMF Martins Fontes\" data-image-caption=\"\" data-image-title=\"\" data-image-source=\"divulga\u00e7\u00e3o\"\/><br \/>\n     \u2013 (WMF Martins Fontes\/divulga\u00e7\u00e3o)<\/p>\n<p><b>Heliog\u00e1balo, de Jean Genet (Ercolano, 2025)<\/b><\/p>\n<p>Rec\u00e9m-descoberta em uma biblioteca dos Estados Unidos, Heliog\u00e1balo, pe\u00e7a in\u00e9dita de Jean Genet, chega pela primeira vez ao Brasil em tradu\u00e7\u00e3o de R\u00e9gis Mikail e Renato Forin Jr. Escrita durante sua pris\u00e3o em 1942 \u2014 per\u00edodo f\u00e9rtil em que tamb\u00e9m come\u00e7ou Nossa Senhora das Flores \u2014, a obra traz \u00e0 cena o jovem imperador romano Heliog\u00e1balo, figura que transita entre o masculino e o feminino, a f\u00e9 e a subvers\u00e3o. Em conflito com sua fam\u00edlia, que trama sua morte, o imperador se entrega a paix\u00f5es m\u00edsticas e devaneios pol\u00edticos, transformando o pal\u00e1cio em palco de confrontos entre poder, performance e identidade.\u00a0<\/p>\n<p>    <img loading=\"lazy\" decoding=\"async\" alt=\"jean-genet-heliogabalo-editora-ercolano\" class=\"wp-image-28834 size-medium\" src=\"https:\/\/www.europesays.com\/pt\/wp-content\/uploads\/2025\/08\/ercolanoHELIOGABALO-e1753726671438.jpg\" border=\"0\" title=\"Jean Genet Heliog\u00e1balo \u2013 Editora Ercolano\" width=\"169\" height=\"300\" data-restrict=\"false\" data-portal-copyright=\"Editora Ercolano\" data-image-caption=\"Heliog\u00e1balo - Editora Ercolano\" data-image-title=\"\" data-image-source=\"divulga\u00e7\u00e3o\"\/><br \/>\n     Heliog\u00e1balo \u2013 Editora Ercolano (Editora Ercolano\/divulga\u00e7\u00e3o)<\/p>\n<p>\n                            As melhores not\u00edcias sobre arte e cultura e o roteiro cultural da semana reunidos em um s\u00f3 lugar. Assine Bravo! indica e receba a newsletter \u00e0s sextas-feiras<br \/>\n                                <strong><br \/>\n                                    Inscreva-se aqui<br \/>\n                                <\/strong>para receber a nossa newsletter<\/p>\n<p>                            Cadastro efetuado com sucesso!<\/p>\n<p>Voc\u00ea receber\u00e1 nossas newsletters \u00e0s sextas-feiras.<\/p>\n<p>Compartilhe essa mat\u00e9ria via:<\/p>\n","protected":false},"excerpt":{"rendered":"Agosto marca a chegada de uma s\u00e9rie de lan\u00e7amentos liter\u00e1rios relevantes para quem planeja as leituras do segundo&hellip;\n","protected":false},"author":2,"featured_media":11498,"comment_status":"","ping_status":"","sticky":false,"template":"","format":"standard","meta":{"footnotes":""},"categories":[143],"tags":[169,114,115,170,32,33],"class_list":{"0":"post-11497","1":"post","2":"type-post","3":"status-publish","4":"format-standard","5":"has-post-thumbnail","7":"category-livros","8":"tag-books","9":"tag-entertainment","10":"tag-entretenimento","11":"tag-livros","12":"tag-portugal","13":"tag-pt"},"share_on_mastodon":{"url":"","error":""},"_links":{"self":[{"href":"https:\/\/www.europesays.com\/pt\/wp-json\/wp\/v2\/posts\/11497","targetHints":{"allow":["GET"]}}],"collection":[{"href":"https:\/\/www.europesays.com\/pt\/wp-json\/wp\/v2\/posts"}],"about":[{"href":"https:\/\/www.europesays.com\/pt\/wp-json\/wp\/v2\/types\/post"}],"author":[{"embeddable":true,"href":"https:\/\/www.europesays.com\/pt\/wp-json\/wp\/v2\/users\/2"}],"replies":[{"embeddable":true,"href":"https:\/\/www.europesays.com\/pt\/wp-json\/wp\/v2\/comments?post=11497"}],"version-history":[{"count":0,"href":"https:\/\/www.europesays.com\/pt\/wp-json\/wp\/v2\/posts\/11497\/revisions"}],"wp:featuredmedia":[{"embeddable":true,"href":"https:\/\/www.europesays.com\/pt\/wp-json\/wp\/v2\/media\/11498"}],"wp:attachment":[{"href":"https:\/\/www.europesays.com\/pt\/wp-json\/wp\/v2\/media?parent=11497"}],"wp:term":[{"taxonomy":"category","embeddable":true,"href":"https:\/\/www.europesays.com\/pt\/wp-json\/wp\/v2\/categories?post=11497"},{"taxonomy":"post_tag","embeddable":true,"href":"https:\/\/www.europesays.com\/pt\/wp-json\/wp\/v2\/tags?post=11497"}],"curies":[{"name":"wp","href":"https:\/\/api.w.org\/{rel}","templated":true}]}}