{"id":114970,"date":"2025-10-17T17:57:14","date_gmt":"2025-10-17T17:57:14","guid":{"rendered":"https:\/\/www.europesays.com\/pt\/114970\/"},"modified":"2025-10-17T17:57:14","modified_gmt":"2025-10-17T17:57:14","slug":"edufpi-lanca-2a-edicao-do-livro-relacao-medico-paciente-e-reforca-a-humanizacao-na-formacao-medica","status":"publish","type":"post","link":"https:\/\/www.europesays.com\/pt\/114970\/","title":{"rendered":"EDUFPI lan\u00e7a 2\u00aa edi\u00e7\u00e3o do livro \u201cRela\u00e7\u00e3o M\u00e9dico-Paciente\u201d e refor\u00e7a a humaniza\u00e7\u00e3o na forma\u00e7\u00e3o m\u00e9dica"},"content":{"rendered":"<p>Publicado: 17\/10\/2025 14:07<\/p>\n<p>Atualiza\u00e7\u00e3o mais recente: 17\/10\/2025 14:07<\/p>\n<p dir=\"ltr\" style=\"text-align: center;\"><img decoding=\"async\" src=\"https:\/\/www.europesays.com\/pt\/wp-content\/uploads\/2025\/10\/capa livro medicina edufpi.png\" loading=\"lazy\" width=\"400\" height=\"616\" class=\"float-none\"\/><\/p>\n<p dir=\"ltr\" style=\"text-align: center;\">Obra organizada pelo professor Renato Mendes destaca a import\u00e2ncia da empatia e do di\u00e1logo na pr\u00e1tica m\u00e9dica<\/p>\n<p dir=\"ltr\" style=\"text-align: justify;\">A Editora da Universidade Federal do Piau\u00ed (EDUFPI) lan\u00e7ou a segunda edi\u00e7\u00e3o do livro \u201cRela\u00e7\u00e3o M\u00e9dico-Paciente: Manual para Humaniza\u00e7\u00e3o da Pr\u00e1tica M\u00e9dica e Preven\u00e7\u00e3o de Conflitos\u201d, organizado pelo professor Renato Mendes, docente do curso de Medicina do Campus Senador Helv\u00eddio Nunes de Barros (CSHNB\/UFPI), em Picos. A publica\u00e7\u00e3o est\u00e1 dispon\u00edvel gratuitamente para leitura e download no site da Editora. <a href=\"https:\/\/ufpi.br\/images\/EDUFPI%20-%20Capas\/EDUFPI%20-%20obra\/Livro_relao%20mdico-paciente_E-BOOK_FINALIZADO.pdf\" rel=\"nofollow noopener\" target=\"_blank\">Acesse aqui o e-book completo<\/a>.<\/p>\n<p dir=\"ltr\" style=\"text-align: justify;\">O lan\u00e7amento ocorreu no dia 15 de outubro de 2025, em celebra\u00e7\u00e3o ao Dia do Professor, destacando o papel do ensino e da reflex\u00e3o \u00e9tica na forma\u00e7\u00e3o m\u00e9dica. O evento oficial de apresenta\u00e7\u00e3o da obra est\u00e1 previsto para o ENMED \u2013 Encontro de Medicina da UFPI, que ser\u00e1 realizado em 2026, no campus de Picos.<\/p>\n<p dir=\"ltr\" style=\"text-align: justify;\">Com linguagem acess\u00edvel e visualmente atrativa, o manual re\u00fane contribui\u00e7\u00f5es da Turma do IV Per\u00edodo de Medicina do CSHNB\/UFPI e de docentes do N\u00facleo de Pesquisas em Ci\u00eancias M\u00e9dicas (NPCMED). A obra aborda temas como empatia, escuta ativa, \u00e9tica e humaniza\u00e7\u00e3o no cuidado cl\u00ednico, al\u00e9m de incluir discuss\u00f5es atuais sobre intelig\u00eancia artificial e comunica\u00e7\u00e3o m\u00e9dico-paciente, aproximando o leitor dos desafios contempor\u00e2neos da pr\u00e1tica m\u00e9dica.<\/p>\n<p dir=\"ltr\" style=\"text-align: justify;\">O professor Renato Mendes, doutor em Biotecnologia e Sa\u00fade e respons\u00e1vel pelas disciplinas de Bases dos Processos Psicossociais, ressaltou o car\u00e1ter formativo e coletivo do projeto. \u201cEssa obra nasceu de um exerc\u00edcio coletivo de reflex\u00e3o com os estudantes. \u00c9 gratificante ver uma gera\u00e7\u00e3o que compreende que ser m\u00e9dico \u00e9, antes de tudo, saber dialogar, acolher e cuidar com sensibilidade. A t\u00e9cnica \u00e9 importante, mas o humano \u00e9 insubstitu\u00edvel\u201d, afirmou<\/p>\n<p dir=\"ltr\" style=\"text-align: justify;\">Com oito cap\u00edtulos tem\u00e1ticos, o livro percorre desde os fundamentos \u00e9ticos e psicossociais da rela\u00e7\u00e3o m\u00e9dico-paciente at\u00e9 suas especificidades em \u00e1reas como cirurgia, oncologia, pediatria e psiquiatria. A obra tamb\u00e9m prop\u00f5e uma leitura cr\u00edtica sobre o impacto da tecnologia e das pol\u00edticas p\u00fablicas de sa\u00fade na constru\u00e7\u00e3o de v\u00ednculos mais humanos e solid\u00e1rios no cuidado cl\u00ednico.<\/p>\n<p dir=\"ltr\" style=\"text-align: justify;\">O projeto editorial contou com a colabora\u00e7\u00e3o t\u00e9cnica dos professores Gioconda Leal Cronemberger, Alisson Salatiel Ferreira de Freitas, Jos\u00e9 Ribamar Lopes Batista J\u00fanior e Nadjla Andreya Alves Gon\u00e7alves Mac\u00eado Cipriano, todos docentes e pesquisadores da UFPI. A diagrama\u00e7\u00e3o foi assinada por Raimundo Ara\u00fajo Dias, com design gr\u00e1fico de Lucas Windsor Soares Bastos.<\/p>\n<p dir=\"ltr\" style=\"text-align: justify;\">O professor Renato tamb\u00e9m expressou agradecimento especial \u00e0s parcerias institucionais e acad\u00eamicas que contribu\u00edram para a obra. \u201cEste manual \u00e9 fruto de um trabalho conjunto com professoras m\u00e9dicas vinculadas ao NPCMED, que t\u00eam sido fundamentais na consolida\u00e7\u00e3o de uma forma\u00e7\u00e3o m\u00e9dica sens\u00edvel e cr\u00edtica. Agrade\u00e7o tamb\u00e9m ao Laborat\u00f3rio de Produ\u00e7\u00e3o Textual (LPT), coordenado pelo professor Jos\u00e9 Ribamar Lopes Batista J\u00fanior, e aos alunos envolvidos na revis\u00e3o e corre\u00e7\u00e3o gramatical do material, que garantiram a qualidade e a clareza da obra\u201d, conclui.\u00a0<\/p>\n","protected":false},"excerpt":{"rendered":"Publicado: 17\/10\/2025 14:07 Atualiza\u00e7\u00e3o mais recente: 17\/10\/2025 14:07 Obra organizada pelo professor Renato Mendes destaca a import\u00e2ncia da&hellip;\n","protected":false},"author":2,"featured_media":114971,"comment_status":"","ping_status":"","sticky":false,"template":"","format":"standard","meta":{"footnotes":""},"categories":[143],"tags":[169,114,115,170,32,33],"class_list":{"0":"post-114970","1":"post","2":"type-post","3":"status-publish","4":"format-standard","5":"has-post-thumbnail","7":"category-livros","8":"tag-books","9":"tag-entertainment","10":"tag-entretenimento","11":"tag-livros","12":"tag-portugal","13":"tag-pt"},"share_on_mastodon":{"url":"","error":""},"_links":{"self":[{"href":"https:\/\/www.europesays.com\/pt\/wp-json\/wp\/v2\/posts\/114970","targetHints":{"allow":["GET"]}}],"collection":[{"href":"https:\/\/www.europesays.com\/pt\/wp-json\/wp\/v2\/posts"}],"about":[{"href":"https:\/\/www.europesays.com\/pt\/wp-json\/wp\/v2\/types\/post"}],"author":[{"embeddable":true,"href":"https:\/\/www.europesays.com\/pt\/wp-json\/wp\/v2\/users\/2"}],"replies":[{"embeddable":true,"href":"https:\/\/www.europesays.com\/pt\/wp-json\/wp\/v2\/comments?post=114970"}],"version-history":[{"count":0,"href":"https:\/\/www.europesays.com\/pt\/wp-json\/wp\/v2\/posts\/114970\/revisions"}],"wp:featuredmedia":[{"embeddable":true,"href":"https:\/\/www.europesays.com\/pt\/wp-json\/wp\/v2\/media\/114971"}],"wp:attachment":[{"href":"https:\/\/www.europesays.com\/pt\/wp-json\/wp\/v2\/media?parent=114970"}],"wp:term":[{"taxonomy":"category","embeddable":true,"href":"https:\/\/www.europesays.com\/pt\/wp-json\/wp\/v2\/categories?post=114970"},{"taxonomy":"post_tag","embeddable":true,"href":"https:\/\/www.europesays.com\/pt\/wp-json\/wp\/v2\/tags?post=114970"}],"curies":[{"name":"wp","href":"https:\/\/api.w.org\/{rel}","templated":true}]}}