{"id":114984,"date":"2025-10-17T18:12:12","date_gmt":"2025-10-17T18:12:12","guid":{"rendered":"https:\/\/www.europesays.com\/pt\/114984\/"},"modified":"2025-10-17T18:12:12","modified_gmt":"2025-10-17T18:12:12","slug":"casa-dos-segredos-o-motivo-pelo-qual-a-familia-de-marisa-nao-apresentou-queixa-apos-a-polemica-do-ovo","status":"publish","type":"post","link":"https:\/\/www.europesays.com\/pt\/114984\/","title":{"rendered":"Casa dos Segredos &#8211; O motivo pelo qual a fam\u00edlia de Marisa n\u00e3o apresentou queixa ap\u00f3s a pol\u00e9mica do ovo"},"content":{"rendered":"<p>Ningu\u00e9m ficou indiferente ao momento em que <strong>F\u00e1bio <\/strong>&#8216;tocou&#8217;\u00a0<a href=\"https:\/\/www.novagente.pt\/casa-dos-segredos-fabio-pronuncia-se-sobre-marisa-nao-coloquei-mao-por-dentro-de-roupa-intima\" rel=\"nofollow noopener\" target=\"_blank\">nas partes \u00edntimas<\/a> de <strong>Marisa <\/strong>durante uma prova, ao tentar roubar &#8211;\u00a0ou partir &#8211;\u00a0um ovo. Como seria de esperar, a fam\u00edlia da concorrente de 38 anos ficou indignada com aquilo\u00a0que viu. A irm\u00e3, <strong>Filipa<\/strong>, acredita mesmo que Marisa tenha sido &#8220;silenciada&#8221; pela produ\u00e7\u00e3o do reality show.<\/p>\n<p>Apesar de estar em cima da mesa um processo, Filipa afirma que nada ser\u00e1 feito at\u00e9 saberem o que Marisa realmente pretende.\u00a0&#8220;Podemos ser n\u00f3s a apresentar queixa, mas sem sabermos o que ela quer fazer, n\u00e3o a queremos meter em cheque. N\u00e3o sabemos o que est\u00e1 ali em causa&#8221;, disse \u00e0 revista<a href=\"https:\/\/www.tv7dias.pt\/casa-dos-segredos-irma-de-marisa-pires-rebenta-com-tvi-fabio-pereira-e-dylan-fonte-exclusivo\" rel=\"nofollow noopener\" target=\"_blank\"> TV 7 Dias<\/a>.<\/p>\n<blockquote>\n<p><strong>Leia ainda: <\/strong>Casa dos Segredos &#8211; <a href=\"https:\/\/www.novagente.pt\/casa-dos-segredos-vera-acerta-desvenda-segredo-de-pedro-jorge-mas-falha-em-pequeno-detalhe\" rel=\"nofollow noopener\" target=\"_blank\">Vera desvenda segredo de Pedro Jorge, mas falha em pequeno detalhe\u00a0<\/a><\/p>\n<\/blockquote>\n<p>Filipa considera ainda que a responsabilidade n\u00e3o \u00e9 apenas de F\u00e1bio: &#8220;\u00c9 t\u00e3o culpado o F\u00e1bio como o Dylan, que foi quem a agarrou e que proporcionou que tudo acontecesse&#8221;. E\u00a0ainda deixou no ar: &#8220;<strong>Acho que houve um motivo para ela aceitar calar-se<\/strong>&#8220;.<\/p>\n<p>Bruna Gomes fala sobre Casa dos Segredos\u00a0<\/p>\n<p>Texto: Beatriz Soares; Fotos: DR e Redes Sociais.\u00a0<\/p>\n<p class=\"intagram-text\">Siga a Nova Gente no Instagram<\/p>\n<p>                        <a href=\"https:\/\/www.instagram.com\/revistanovagente\/\" target=\"_blank\" aria-label=\"instagram\" rel=\"noopener nofollow\"><img decoding=\"async\" style=\"display: block; margin-left: auto; margin-right: auto; width: 250px; height: 83px;\" src=\"https:\/\/www.europesays.com\/pt\/wp-content\/uploads\/2025\/10\/Instagram_NG.png\" alt=\"instagram\"\/><\/a><br \/>\n                    <script async src=\"\/\/www.instagram.com\/embed.js\"><\/script><\/p>\n","protected":false},"excerpt":{"rendered":"Ningu\u00e9m ficou indiferente ao momento em que F\u00e1bio &#8216;tocou&#8217;\u00a0nas partes \u00edntimas de Marisa durante uma prova, ao tentar&hellip;\n","protected":false},"author":2,"featured_media":114985,"comment_status":"","ping_status":"","sticky":false,"template":"","format":"standard","meta":{"footnotes":""},"categories":[142],"tags":[2632,19105,114,115,19082,19184,21416,32,33,1014,1315,151,162],"class_list":{"0":"post-114984","1":"post","2":"type-post","3":"status-publish","4":"format-standard","5":"has-post-thumbnail","7":"category-tv","8":"tag-casa-dos-segredos","9":"tag-dylan","10":"tag-entertainment","11":"tag-entretenimento","12":"tag-fabio","13":"tag-marisa","14":"tag-pedro-jorge","15":"tag-portugal","16":"tag-pt","17":"tag-reality-show","18":"tag-secret-story","19":"tag-tv","20":"tag-tvi"},"share_on_mastodon":{"url":"","error":""},"_links":{"self":[{"href":"https:\/\/www.europesays.com\/pt\/wp-json\/wp\/v2\/posts\/114984","targetHints":{"allow":["GET"]}}],"collection":[{"href":"https:\/\/www.europesays.com\/pt\/wp-json\/wp\/v2\/posts"}],"about":[{"href":"https:\/\/www.europesays.com\/pt\/wp-json\/wp\/v2\/types\/post"}],"author":[{"embeddable":true,"href":"https:\/\/www.europesays.com\/pt\/wp-json\/wp\/v2\/users\/2"}],"replies":[{"embeddable":true,"href":"https:\/\/www.europesays.com\/pt\/wp-json\/wp\/v2\/comments?post=114984"}],"version-history":[{"count":0,"href":"https:\/\/www.europesays.com\/pt\/wp-json\/wp\/v2\/posts\/114984\/revisions"}],"wp:featuredmedia":[{"embeddable":true,"href":"https:\/\/www.europesays.com\/pt\/wp-json\/wp\/v2\/media\/114985"}],"wp:attachment":[{"href":"https:\/\/www.europesays.com\/pt\/wp-json\/wp\/v2\/media?parent=114984"}],"wp:term":[{"taxonomy":"category","embeddable":true,"href":"https:\/\/www.europesays.com\/pt\/wp-json\/wp\/v2\/categories?post=114984"},{"taxonomy":"post_tag","embeddable":true,"href":"https:\/\/www.europesays.com\/pt\/wp-json\/wp\/v2\/tags?post=114984"}],"curies":[{"name":"wp","href":"https:\/\/api.w.org\/{rel}","templated":true}]}}