{"id":114988,"date":"2025-10-17T18:15:11","date_gmt":"2025-10-17T18:15:11","guid":{"rendered":"https:\/\/www.europesays.com\/pt\/114988\/"},"modified":"2025-10-17T18:15:11","modified_gmt":"2025-10-17T18:15:11","slug":"mourinho-prega-partida-a-jovem-do-benfica-algum-gajo-escondeu-o-envelope","status":"publish","type":"post","link":"https:\/\/www.europesays.com\/pt\/114988\/","title":{"rendered":"Mourinho prega partida a jovem do Benfica: \u00abAlgum gajo escondeu o envelope&#8230;\u00bb"},"content":{"rendered":"<p>O Benfica chegou a Tr\u00e1s-os-Montes ao in\u00edcio da noite desta quinta-feira e, com boa disposi\u00e7\u00e3o, Jos\u00e9 Mourinho aproveitou para pregar uma partida a Ivan Lima, jovem jogador das \u00e1guias.<\/p>\n<p>Tudo aconteceu quando a comitiva encarnada j\u00e1 se encontrava no interior do hotel em que pernoitou. Cada atleta tinha um envelope para aceder ao respetivo quarto&#8230; menos Ivan Lima. A rea\u00e7\u00e3o do t\u00e9cnico \u00abdenunciou-o\u00bb de imediato, mas as culpas at\u00e9 chegaram a ser colocadas em Ant\u00f3nio Silva.<\/p>\n<p>\u00abC\u00e1 para mim, algum gajo escondeu o envelope. Dormes com o Leandro (Santos) na mesma cama\u00bb, afirmou.<\/p>\n<p>Recorde-se que o jogo entre Desp. Chaves e Benfica est\u00e1 marcado para as 19h30 desta sexta-feira, a contar para a terceira eliminat\u00f3ria da Ta\u00e7a de Portugal.<\/p>\n<p><strong>Assista aqui ao momento:<\/strong>\u00a0<\/p>\n","protected":false},"excerpt":{"rendered":"O Benfica chegou a Tr\u00e1s-os-Montes ao in\u00edcio da noite desta quinta-feira e, com boa disposi\u00e7\u00e3o, Jos\u00e9 Mourinho aproveitou&hellip;\n","protected":false},"author":2,"featured_media":112795,"comment_status":"","ping_status":"","sticky":false,"template":"","format":"standard","meta":{"footnotes":""},"categories":[87],"tags":[51,17795,135,24168,1385,46,32,33,47,134,13676],"class_list":{"0":"post-114988","1":"post","2":"type-post","3":"status-publish","4":"format-standard","5":"has-post-thumbnail","7":"category-desporto","8":"tag-benfica","9":"tag-desp-chaves","10":"tag-desporto","11":"tag-ivan-lima","12":"tag-jose-mourinho","13":"tag-maisfutebol","14":"tag-portugal","15":"tag-pt","16":"tag-pura-paixao","17":"tag-sports","18":"tag-taca-portugal"},"share_on_mastodon":{"url":"","error":""},"_links":{"self":[{"href":"https:\/\/www.europesays.com\/pt\/wp-json\/wp\/v2\/posts\/114988","targetHints":{"allow":["GET"]}}],"collection":[{"href":"https:\/\/www.europesays.com\/pt\/wp-json\/wp\/v2\/posts"}],"about":[{"href":"https:\/\/www.europesays.com\/pt\/wp-json\/wp\/v2\/types\/post"}],"author":[{"embeddable":true,"href":"https:\/\/www.europesays.com\/pt\/wp-json\/wp\/v2\/users\/2"}],"replies":[{"embeddable":true,"href":"https:\/\/www.europesays.com\/pt\/wp-json\/wp\/v2\/comments?post=114988"}],"version-history":[{"count":0,"href":"https:\/\/www.europesays.com\/pt\/wp-json\/wp\/v2\/posts\/114988\/revisions"}],"wp:featuredmedia":[{"embeddable":true,"href":"https:\/\/www.europesays.com\/pt\/wp-json\/wp\/v2\/media\/112795"}],"wp:attachment":[{"href":"https:\/\/www.europesays.com\/pt\/wp-json\/wp\/v2\/media?parent=114988"}],"wp:term":[{"taxonomy":"category","embeddable":true,"href":"https:\/\/www.europesays.com\/pt\/wp-json\/wp\/v2\/categories?post=114988"},{"taxonomy":"post_tag","embeddable":true,"href":"https:\/\/www.europesays.com\/pt\/wp-json\/wp\/v2\/tags?post=114988"}],"curies":[{"name":"wp","href":"https:\/\/api.w.org\/{rel}","templated":true}]}}