{"id":115001,"date":"2025-10-17T18:27:08","date_gmt":"2025-10-17T18:27:08","guid":{"rendered":"https:\/\/www.europesays.com\/pt\/115001\/"},"modified":"2025-10-17T18:27:08","modified_gmt":"2025-10-17T18:27:08","slug":"selena-gomez-revela-o-melhor-conselho-ja-dado-pela-amiga-taylor-swift-e-resposta-e-interessante","status":"publish","type":"post","link":"https:\/\/www.europesays.com\/pt\/115001\/","title":{"rendered":"Selena Gomez revela o melhor conselho j\u00e1 dado pela amiga Taylor Swift, e resposta \u00e9 interessante"},"content":{"rendered":"<p>Ler resumo <\/p>\n<p>Selena Gomez participou do &#8220;Fortune Most Powerful Women Summit&#8221;, em Washington, nesta a quarta-feira (15), e revelou o conselho mais marcante que recebeu de sua amiga de longa data, Taylor Swift. A artista tamb\u00e9m falou sobre a import\u00e2ncia da amizade e fez elogios \u00e0 cantora.<\/p>\n<p><a href=\"https:\/\/hugogloss.uol.com.br\/tag\/selena-gomez\" target=\"_blank\" rel=\"noopener nofollow\">Selena Gomez<\/a> revelou qual foi o conselho mais inteligente e marcante que a amiga <a href=\"https:\/\/hugogloss.uol.com.br\/tag\/taylor-swift\" target=\"_blank\" rel=\"noopener nofollow\">Taylor Swift<\/a> lhe deu ao longo dos 17 anos de amizade. A cantora se abriu sobre o assunto ao participar do \u201cFortune Most Powerful Women Summit\u201d, em Washington, na quarta-feira (15).<\/p>\n<p>\u201cEla me disse: \u2018Se voc\u00ea \u00e9 a pessoa mais inteligente da sala, voc\u00ea est\u00e1 na sala errada\u2019. E \u00e9 por isso que me cerco de pessoas realmente incr\u00edveis, que n\u00e3o fazem perguntas idiotas. Voc\u00ea s\u00f3 precisa aprender e n\u00e3o ter medo de tudo o que pode perder\u201d, contou a dona da Rare Beauty.<\/p>\n<p>A empres\u00e1ria aproveitou e fez mais elogios direcionados a Swift, que, para ela, \u00e9 uma das pessoas mais \u201cbrilhantes\u201d que j\u00e1 conheceu.<\/p>\n<p>\u201cEla \u00e9 muito forte em sua \u00e1rea e d\u00e1 \u00f3timos conselhos o tempo todo. N\u00e3o sei o que eu diria que fiz por ela al\u00e9m de estar l\u00e1 como amiga\u201d, disse Gomez.<\/p>\n<p>As duas se conheceram em 2008, quando ambas namoravam os integrantes da banda <a href=\"https:\/\/hugogloss.uol.com.br\/tag\/jonas-brothers\" target=\"_blank\" rel=\"noopener nofollow\">Jonas Brothers<\/a>. A amizade segue firme at\u00e9 hoje. Taylor, inclusive, estava ao lado de Selena na cerim\u00f4nia de casamento da estrela com o compositor <a href=\"https:\/\/hugogloss.uol.com.br\/tag\/benny-blanco\" target=\"_blank\" rel=\"noopener nofollow\">Benny Blanco<\/a>, em setembro, na Calif\u00f3rnia.<\/p>\n<p>Segundo fontes, Taylor teria feito um emocionante discurso na ocasi\u00e3o e afirmado que a melhor amiga nunca havia estado t\u00e3o feliz, que ela e Blanco s\u00e3o perfeitos um para o outro.<\/p>\n<p>No come\u00e7o do m\u00eas, a interprete de Mabel em \u201c<a href=\"https:\/\/hugogloss.uol.com.br\/tag\/only-murders-in-the-building\" target=\"_blank\" rel=\"noopener nofollow\">Only Murders in the Building<\/a>\u201d usou o Instagram para publicar diversas fotos das duas juntas e fazer uma homenagem ao novo disco da amiga, al\u00e9m de agradec\u00ea-la por estar em sua vida por tantos anos.<\/p>\n","protected":false},"excerpt":{"rendered":"Ler resumo Selena Gomez participou do &#8220;Fortune Most Powerful Women Summit&#8221;, em Washington, nesta a quarta-feira (15), e&hellip;\n","protected":false},"author":2,"featured_media":115002,"comment_status":"","ping_status":"","sticky":false,"template":"","format":"standard","meta":{"footnotes":""},"categories":[141],"tags":[114,115,149,150,32,33,7464,1973],"class_list":{"0":"post-115001","1":"post","2":"type-post","3":"status-publish","4":"format-standard","5":"has-post-thumbnail","7":"category-musica","8":"tag-entertainment","9":"tag-entretenimento","10":"tag-music","11":"tag-musica","12":"tag-portugal","13":"tag-pt","14":"tag-selena-gomez","15":"tag-taylor-swift"},"share_on_mastodon":{"url":"","error":""},"_links":{"self":[{"href":"https:\/\/www.europesays.com\/pt\/wp-json\/wp\/v2\/posts\/115001","targetHints":{"allow":["GET"]}}],"collection":[{"href":"https:\/\/www.europesays.com\/pt\/wp-json\/wp\/v2\/posts"}],"about":[{"href":"https:\/\/www.europesays.com\/pt\/wp-json\/wp\/v2\/types\/post"}],"author":[{"embeddable":true,"href":"https:\/\/www.europesays.com\/pt\/wp-json\/wp\/v2\/users\/2"}],"replies":[{"embeddable":true,"href":"https:\/\/www.europesays.com\/pt\/wp-json\/wp\/v2\/comments?post=115001"}],"version-history":[{"count":0,"href":"https:\/\/www.europesays.com\/pt\/wp-json\/wp\/v2\/posts\/115001\/revisions"}],"wp:featuredmedia":[{"embeddable":true,"href":"https:\/\/www.europesays.com\/pt\/wp-json\/wp\/v2\/media\/115002"}],"wp:attachment":[{"href":"https:\/\/www.europesays.com\/pt\/wp-json\/wp\/v2\/media?parent=115001"}],"wp:term":[{"taxonomy":"category","embeddable":true,"href":"https:\/\/www.europesays.com\/pt\/wp-json\/wp\/v2\/categories?post=115001"},{"taxonomy":"post_tag","embeddable":true,"href":"https:\/\/www.europesays.com\/pt\/wp-json\/wp\/v2\/tags?post=115001"}],"curies":[{"name":"wp","href":"https:\/\/api.w.org\/{rel}","templated":true}]}}