{"id":115003,"date":"2025-10-17T18:28:12","date_gmt":"2025-10-17T18:28:12","guid":{"rendered":"https:\/\/www.europesays.com\/pt\/115003\/"},"modified":"2025-10-17T18:28:12","modified_gmt":"2025-10-17T18:28:12","slug":"ufmg-universidade-federal-de-minas-gerais-8","status":"publish","type":"post","link":"https:\/\/www.europesays.com\/pt\/115003\/","title":{"rendered":"UFMG &#8211; Universidade Federal de Minas Gerais"},"content":{"rendered":"<p>O programa Panor\u00e2mica, da TV\u00a0UFMG,\u00a0estreou nesta quinta-feira, dia 16,\u00a0o curta-metragem Quando disse adeus achei que tivesse ido, dirigido por Juliana Magalh\u00e3es. O document\u00e1rio parte da hist\u00f3ria pessoal da diretora para investigar a depress\u00e3o que atravessa gera\u00e7\u00f5es de mulheres em sua fam\u00edlia, tendo como pano de fundo o sert\u00e3o mineiro e a vida urbana em S\u00e3o Paulo.<\/p>\n<p>Com uma narrativa po\u00e9tica, o filme trata\u00a0a sa\u00fade mental das mulheres, o \u00eaxodo rural, as pol\u00edticas de acesso \u00e0 educa\u00e7\u00e3o e as marcas deixadas pela desigualdade social.<\/p>\n<p>Quando disse adeus achei que tivesse ido\u00a0prop\u00f5e uma reflex\u00e3o sobre o que permanece na mente, na terra e nos afetos, mesmo quando acreditamos ter partido.<\/p>\n<p><strong class=\"redactor-inline-converted\">Filme<\/strong>: Quando disse adeus achei que tivesse ido<br \/><strong class=\"redactor-inline-converted\">Dire\u00e7\u00e3o e roteiro<\/strong>: Juliana Magalh\u00e3es<br \/><strong class=\"redactor-inline-converted\">Dura\u00e7\u00e3o<\/strong>: 17 minutos<br \/><strong>Ano<\/strong>: 2024<br \/>Locais de produ\u00e7\u00e3o: Cachoeira do Paje\u00fa (MG) e S\u00e3o Paulo (SP)<\/p>\n<p>Equipe Panor\u00e2mica:<\/p>\n<p>Roteiro e dire\u00e7\u00e3o: Ana Fatorelli<br \/>Produ\u00e7\u00e3o: Beatriz Abrah\u00e3o<br \/>Apresenta\u00e7\u00e3o: Gabriel Pina<br \/>Imagens: Lucas Tunes, Samuel do Vale e \u00c2ngelo Ara\u00fajo<br \/>Dire\u00e7\u00e3o de imagem: M\u00e1rcia Milagre<br \/>Edi\u00e7\u00e3o de imagem: M\u00e1rcia Botelho<br \/>Videografismo: Jo\u00e3o Teixeira Jr.<br \/>Tecnologia e suporte: Adilson Ferreira<br \/>Transporte: Pedro Campos<br \/>Assist\u00eancia administrativa: Rozilaine Gil e Renata Lages<br \/>Coordena\u00e7\u00e3o administrativa: Sandra Antunes<br \/>Coordena\u00e7\u00e3o t\u00e9cnica: Ravik Gomes<br \/>Coordena\u00e7\u00e3o TV UFMG: Helo\u00edsa Marina<br \/>Vice-dire\u00e7\u00e3o Cedecom UFMG: Fl\u00e1vio de Almeida<br \/>Dire\u00e7\u00e3o Cedecom UFMG: F\u00e1bia Lima<\/p>\n","protected":false},"excerpt":{"rendered":"O programa Panor\u00e2mica, da TV\u00a0UFMG,\u00a0estreou nesta quinta-feira, dia 16,\u00a0o curta-metragem Quando disse adeus achei que tivesse ido, dirigido&hellip;\n","protected":false},"author":2,"featured_media":115004,"comment_status":"","ping_status":"","sticky":false,"template":"","format":"standard","meta":{"footnotes":""},"categories":[140],"tags":[6838,6840,6846,877,6842,109,315,6850,6849,6848,6851,535,6843,114,115,6837,6844,6845,147,148,6835,170,6839,1499,6847,146,1348,32,6836,33,6852,1522,6833,6834,6841,3058],"class_list":{"0":"post-115003","1":"post","2":"type-post","3":"status-publish","4":"format-standard","5":"has-post-thumbnail","7":"category-filmes","8":"tag-area-verde","9":"tag-assistencia-estudantil","10":"tag-belo-horizonte","11":"tag-biblioteca","12":"tag-bolsa-e-moradia-estudantis","13":"tag-ciencia","14":"tag-cultura","15":"tag-curso-a-distancia","16":"tag-curso-superior","17":"tag-cursos-gratuitos","18":"tag-divulgacao-cientifica","19":"tag-ensino","20":"tag-ensino-de-qualidade","21":"tag-entertainment","22":"tag-entretenimento","23":"tag-extensao","24":"tag-faculdade-mineira","25":"tag-federal-de-minas","26":"tag-film","27":"tag-filmes","28":"tag-graduacao","29":"tag-livros","30":"tag-melhor-universidade-do-brasil","31":"tag-minas-gerais","32":"tag-montes-claros","33":"tag-movies","34":"tag-pesquisa","35":"tag-portugal","36":"tag-pos-graduacao","37":"tag-pt","38":"tag-sisu","39":"tag-tiradentes","40":"tag-ufmg","41":"tag-universidade-federal-de-minas-gerais","42":"tag-universidade-gratuita","43":"tag-vestibular"},"share_on_mastodon":{"url":"","error":""},"_links":{"self":[{"href":"https:\/\/www.europesays.com\/pt\/wp-json\/wp\/v2\/posts\/115003","targetHints":{"allow":["GET"]}}],"collection":[{"href":"https:\/\/www.europesays.com\/pt\/wp-json\/wp\/v2\/posts"}],"about":[{"href":"https:\/\/www.europesays.com\/pt\/wp-json\/wp\/v2\/types\/post"}],"author":[{"embeddable":true,"href":"https:\/\/www.europesays.com\/pt\/wp-json\/wp\/v2\/users\/2"}],"replies":[{"embeddable":true,"href":"https:\/\/www.europesays.com\/pt\/wp-json\/wp\/v2\/comments?post=115003"}],"version-history":[{"count":0,"href":"https:\/\/www.europesays.com\/pt\/wp-json\/wp\/v2\/posts\/115003\/revisions"}],"wp:featuredmedia":[{"embeddable":true,"href":"https:\/\/www.europesays.com\/pt\/wp-json\/wp\/v2\/media\/115004"}],"wp:attachment":[{"href":"https:\/\/www.europesays.com\/pt\/wp-json\/wp\/v2\/media?parent=115003"}],"wp:term":[{"taxonomy":"category","embeddable":true,"href":"https:\/\/www.europesays.com\/pt\/wp-json\/wp\/v2\/categories?post=115003"},{"taxonomy":"post_tag","embeddable":true,"href":"https:\/\/www.europesays.com\/pt\/wp-json\/wp\/v2\/tags?post=115003"}],"curies":[{"name":"wp","href":"https:\/\/api.w.org\/{rel}","templated":true}]}}