{"id":115007,"date":"2025-10-17T18:30:11","date_gmt":"2025-10-17T18:30:11","guid":{"rendered":"https:\/\/www.europesays.com\/pt\/115007\/"},"modified":"2025-10-17T18:30:11","modified_gmt":"2025-10-17T18:30:11","slug":"outubro-rosa-autoestima-e-acolhimento-transformam-a-luta-contra-o-cancer-de-mama-assembleia-legislativa-do-estado-de-sao-paulo","status":"publish","type":"post","link":"https:\/\/www.europesays.com\/pt\/115007\/","title":{"rendered":"Outubro Rosa: Autoestima e acolhimento transformam a luta contra o c\u00e2ncer de mama &#8211; Assembleia Legislativa do Estado de S\u00e3o Paulo"},"content":{"rendered":"<ol>\n<li><a href=\"https:\/\/news.google.com\/rss\/articles\/CBMixgFBVV95cUxONkdCblhSd0plMU5zNWViXzBYWlBzbURuaGJMMDBxOU5kZGJmZkFBRTJzTFhQZURDRHl4akpwUThfYnlpR2xoZ2NPM3RZaXVhSUVudS1obGJnaUhFam5zaE1rb3h5QnNLMEF3UTVIV2xCS2FrU1JobWZTTzlFbmN6bzNOSW4xRDREaEo4MWRNTEJ1Y3BMYUJNb20xd2hIMVZTbE43cUxXMjVHUlNwWU1lX0ZhcnliZWduX1JPNUhPY2pQemJEMGc?oc=5\" target=\"_blank\" rel=\"nofollow noopener\">Outubro Rosa: Autoestima e acolhimento transformam a luta contra o c\u00e2ncer de mama<\/a>&nbsp;&nbsp;Assembleia Legislativa do Estado de S\u00e3o Paulo<\/li>\n<li><a href=\"https:\/\/news.google.com\/rss\/articles\/CBMi7AFBVV95cUxOMFdKTU9CT2NpRWFHdkhhaWYxZXRGbHZhZHU4TXh6M25iV1EyczZnTXlxUUR5QjFRVWtVUXc5WHNmYUQ3akI5ZjFhWEJNS1pIc0U1WnNsSk9UNFB1YlhQQkNINERLRExFYkV0dzJGam9CTm9IMWZ1MWVDR3RsRDE2R3hVdlliZG5ZemN2Q0FDSGxQVVctMnpWV2V0a2RVMllFUElTTXBXR0xCZmozTi1yYjV1dEtSZnJzcE9pYTNFaGs5YUM1WXd0YmVLSFZIUF96blJqMWsxNGM0empvMy1ycVpWcFFNWkNCbnF4Yg?oc=5\" target=\"_blank\" rel=\"nofollow noopener\">Outubro Rosa: os primeiros sintomas e como evitar o c\u00e2ncer de mama<\/a>&nbsp;&nbsp;Terra<\/li>\n<li><a href=\"https:\/\/news.google.com\/rss\/articles\/CBMi2wFBVV95cUxPRG56czVFRU1GTTVackNTeVNMSXB2MjBkc2FfZnNDMmxNdFgyVUJUcU9vYjdqUGtzNmk3MWtEQzR3bUstM3haTDJHeDNIZVdYU1E3N3NyRTlMcDVVV09GdFNUeExDNU5EVnQ0cjhkV25ZTWlzd2FDa1ZTRXlTYU1VWEUyZEhwTE81MXRNTEFZOVV4Zk9CalhxV1hXbnJ2b1h0bzNsNTBXbFlpUWxzelE2WDFJSGJJZU9GU2E4M21KblFNaXBjQWpLOFRWY3dNVU80a3VOUkc0YlFFUFk?oc=5\" target=\"_blank\" rel=\"nofollow noopener\">OPINI\u00c3O | Sozinha ou acompanhada? Quem fica ao lado da mulher com c\u00e2ncer? | 03\/10\/2025<\/a>&nbsp;&nbsp;TV Cultura<\/li>\n<li><a href=\"https:\/\/news.google.com\/rss\/articles\/CBMikwJBVV95cUxOSzJmRjJiR3lPQVVmVGRHWXotTzRLWkJyUHpJN0ZPck5kck5HOGtxTWFGMTRza0tZLTFvUU9ENnh3VTR0OVJKV29FU3pJTzNOZWh1N0NNSHhlZFZTbGRtd2dmelZ6NmN0SWtRaF9Pckl1VVRYS3ZZYXJydTRmU0JQRVNvU1NkMDBSUE5EeV83YnY0REhjZVhhZWdka0ZtRWViRXdtMkNJZDlzMHZFUFdaU1ZkRUtFZERXYUhyaW44WWxoVXlocEdYWDYzeDZCbzlrcy0yR2MwbzZGbkFqUk42c2NXMmFnQVVIdVNkV056TUlCRHpyQ1NmdjYyYVBoYmlzdkV5QkxNeUxsX2xaWmxFbUR1VdIBmAJBVV95cUxNbHRaTzlkN21wd3l1QjdmVm1lQ2Z2LWluQUNCall0R1kxZi1fem01ZWR1RUhQV2x1ZmJQcnVYb3BJVHBpcS1NWUY4eDB5NDFQRTdRZGllMl94ekJXT1pmYmU2M0NQQ1cyUlQ5NWdEZVQwRjh2aGNlbFZTNU52TXVyUnhjbVpRLUZvWUhnWUo2MDlCUEhoNlV3NlItOVFja1JSZE9HTGdNXzZ1TFlOaWVCMHNwb0hFd0NuUHRORklwUjlucDR6OUJUY3BjaVFNcGhQTjlhbWJZa0w1bEFUUDJMc1J1Mk1zU2QyeXFXcjNsNFYtVndfSURKVlp2MmZoS2FYY05LTWpoRVBQc19Ha2gyWFlYNGtMWlJJ?oc=5\" target=\"_blank\" rel=\"nofollow noopener\">Outubro Rosa: Trabalhadoras rurais enfrentam desafios para preven\u00e7\u00e3o e diagn\u00f3stico precoce do c\u00e2ncer de mama<\/a>&nbsp;&nbsp;Not\u00edcias Agr\u00edcolas<\/li>\n<li><a href=\"https:\/\/news.google.com\/rss\/articles\/CBMiswFBVV95cUxNazZJT2pwT09jLVk1MmZxdUJHeEdMbGc3NkpPR2tLdGxrbGhaQmN1VTN1aUdRaUtRTXQ0MVZZQU9rcXBqU2V5NkhwXzVLSUdacXNFNWY3cm5qZUhORWM3TTNkakpCdVhORGJWWHNXMGNvUXN5M2M2b1JBeVBwNW4zSGFfc0RBV1RMeF9yMWVXemZUWjd2VllNQVVieXE2Q1VtMzJDdUZXNXNEekRUVDR0LWs3UQ?oc=5\" target=\"_blank\" rel=\"nofollow noopener\">A preven\u00e7\u00e3o \u00e9 o melhor rem\u00e9dio contra o c\u00e2ncer de mama<\/a>&nbsp;&nbsp;Correio do Povo<\/li>\n<\/ol>\n","protected":false},"excerpt":{"rendered":"Outubro Rosa: Autoestima e acolhimento transformam a luta contra o c\u00e2ncer de mama&nbsp;&nbsp;Assembleia Legislativa do Estado de S\u00e3o&hellip;\n","protected":false},"author":2,"featured_media":115008,"comment_status":"","ping_status":"","sticky":false,"template":"","format":"standard","meta":{"footnotes":""},"categories":[86],"tags":[27011,4958,4501,27017,27013,14244,20778,986,27018,24427,23377,116,27016,27014,931,27015,4532,32,4685,10770,21868,27012,33,117],"class_list":{"0":"post-115007","1":"post","2":"type-post","3":"status-publish","4":"format-standard","5":"has-post-thumbnail","7":"category-saude","8":"tag-alesp","9":"tag-artigo","10":"tag-assembleia","11":"tag-atos","12":"tag-comisses","13":"tag-decreto","14":"tag-deputado","15":"tag-estado","16":"tag-estado-de-so-paulo","17":"tag-estadual","18":"tag-gesto","19":"tag-health","20":"tag-legislao","21":"tag-legislativo","22":"tag-lei","23":"tag-parlamentar","24":"tag-parlamento","25":"tag-portugal","26":"tag-processo","27":"tag-projeto-de-lei","28":"tag-projetos","29":"tag-proposies","30":"tag-pt","31":"tag-saude"},"share_on_mastodon":{"url":"","error":""},"_links":{"self":[{"href":"https:\/\/www.europesays.com\/pt\/wp-json\/wp\/v2\/posts\/115007","targetHints":{"allow":["GET"]}}],"collection":[{"href":"https:\/\/www.europesays.com\/pt\/wp-json\/wp\/v2\/posts"}],"about":[{"href":"https:\/\/www.europesays.com\/pt\/wp-json\/wp\/v2\/types\/post"}],"author":[{"embeddable":true,"href":"https:\/\/www.europesays.com\/pt\/wp-json\/wp\/v2\/users\/2"}],"replies":[{"embeddable":true,"href":"https:\/\/www.europesays.com\/pt\/wp-json\/wp\/v2\/comments?post=115007"}],"version-history":[{"count":0,"href":"https:\/\/www.europesays.com\/pt\/wp-json\/wp\/v2\/posts\/115007\/revisions"}],"wp:featuredmedia":[{"embeddable":true,"href":"https:\/\/www.europesays.com\/pt\/wp-json\/wp\/v2\/media\/115008"}],"wp:attachment":[{"href":"https:\/\/www.europesays.com\/pt\/wp-json\/wp\/v2\/media?parent=115007"}],"wp:term":[{"taxonomy":"category","embeddable":true,"href":"https:\/\/www.europesays.com\/pt\/wp-json\/wp\/v2\/categories?post=115007"},{"taxonomy":"post_tag","embeddable":true,"href":"https:\/\/www.europesays.com\/pt\/wp-json\/wp\/v2\/tags?post=115007"}],"curies":[{"name":"wp","href":"https:\/\/api.w.org\/{rel}","templated":true}]}}