{"id":115011,"date":"2025-10-17T18:34:27","date_gmt":"2025-10-17T18:34:27","guid":{"rendered":"https:\/\/www.europesays.com\/pt\/115011\/"},"modified":"2025-10-17T18:34:27","modified_gmt":"2025-10-17T18:34:27","slug":"policiamento-militar-das-cidades-ameaca-democracia-nos-estados-unidos","status":"publish","type":"post","link":"https:\/\/www.europesays.com\/pt\/115011\/","title":{"rendered":"Policiamento militar das cidades amea\u00e7a democracia nos Estados Unidos"},"content":{"rendered":"<p class=\"texto\">Perto da meia-noite, tr\u00eas helic\u00f3pteros Black Hawk aproximam-se do n\u00famero 7500 da South Shore Boulevard, complexo de 130 apartamentos na zona sul de Chicago. Em vez de atravessarem partes da cidade, sobrevoam o lago Michigan a baixa altitude. O edif\u00edcio dista pouco mais de 100 metros da linha da praia.<\/p>\n<p><a href=\"https:\/\/expresso.pt\/subscrever?action=GEN&amp;channel=VID&amp;type=CAP&amp;source=WEB&amp;returnUrl=https:\/\/expresso.pt\/internacional\/2025-10-16-policiamento-militar-das-cidades-ameaca-democracia-nos-estados-unidos-8608ddfa&amp;utm_source=expresso&amp;utm_medium=locked_article&amp;locked=true&amp;article_id=4050d9cd-7060-4683-82cd-20d3bacc26b8&amp;author_id=Ricardo+Louren\u00e7o&amp;category=Internacional\" target=\"_self\" class=\"\" rel=\"nofollow noopener\">Subscrever<\/a>J\u00e1 \u00e9 Subscritor?Fa\u00e7a login e continue a ler<a href=\"http:\/\/expresso.pt\/codigo?redirectUrl=https:\/\/expresso.pt\/internacional\/2025-10-16-policiamento-militar-das-cidades-ameaca-democracia-nos-estados-unidos-8608ddfa\" target=\"_self\" class=\"\" rel=\"nofollow noopener\">Inserir C\u00f3digo<\/a>Comprou o Expresso?Insira o c\u00f3digo presente na Revista E para continuar a ler<\/p>\n","protected":false},"excerpt":{"rendered":"Perto da meia-noite, tr\u00eas helic\u00f3pteros Black Hawk aproximam-se do n\u00famero 7500 da South Shore Boulevard, complexo de 130&hellip;\n","protected":false},"author":2,"featured_media":115012,"comment_status":"","ping_status":"","sticky":false,"template":"","format":"standard","meta":{"footnotes":""},"categories":[50],"tags":[27,28,15,16,14,25,26,21,22,62,12,13,19,20,23,24,17,18,29,30,31,63,64,65],"class_list":{"0":"post-115011","1":"post","2":"type-post","3":"status-publish","4":"format-standard","5":"has-post-thumbnail","7":"category-mundo","8":"tag-breaking-news","9":"tag-breakingnews","10":"tag-featured-news","11":"tag-featurednews","12":"tag-headlines","13":"tag-latest-news","14":"tag-latestnews","15":"tag-main-news","16":"tag-mainnews","17":"tag-mundo","18":"tag-news","19":"tag-noticias","20":"tag-noticias-principais","21":"tag-noticiasprincipais","22":"tag-principais-noticias","23":"tag-principaisnoticias","24":"tag-top-stories","25":"tag-topstories","26":"tag-ultimas","27":"tag-ultimas-noticias","28":"tag-ultimasnoticias","29":"tag-world","30":"tag-world-news","31":"tag-worldnews"},"share_on_mastodon":{"url":"","error":""},"_links":{"self":[{"href":"https:\/\/www.europesays.com\/pt\/wp-json\/wp\/v2\/posts\/115011","targetHints":{"allow":["GET"]}}],"collection":[{"href":"https:\/\/www.europesays.com\/pt\/wp-json\/wp\/v2\/posts"}],"about":[{"href":"https:\/\/www.europesays.com\/pt\/wp-json\/wp\/v2\/types\/post"}],"author":[{"embeddable":true,"href":"https:\/\/www.europesays.com\/pt\/wp-json\/wp\/v2\/users\/2"}],"replies":[{"embeddable":true,"href":"https:\/\/www.europesays.com\/pt\/wp-json\/wp\/v2\/comments?post=115011"}],"version-history":[{"count":0,"href":"https:\/\/www.europesays.com\/pt\/wp-json\/wp\/v2\/posts\/115011\/revisions"}],"wp:featuredmedia":[{"embeddable":true,"href":"https:\/\/www.europesays.com\/pt\/wp-json\/wp\/v2\/media\/115012"}],"wp:attachment":[{"href":"https:\/\/www.europesays.com\/pt\/wp-json\/wp\/v2\/media?parent=115011"}],"wp:term":[{"taxonomy":"category","embeddable":true,"href":"https:\/\/www.europesays.com\/pt\/wp-json\/wp\/v2\/categories?post=115011"},{"taxonomy":"post_tag","embeddable":true,"href":"https:\/\/www.europesays.com\/pt\/wp-json\/wp\/v2\/tags?post=115011"}],"curies":[{"name":"wp","href":"https:\/\/api.w.org\/{rel}","templated":true}]}}