{"id":115021,"date":"2025-10-17T18:43:20","date_gmt":"2025-10-17T18:43:20","guid":{"rendered":"https:\/\/www.europesays.com\/pt\/115021\/"},"modified":"2025-10-17T18:43:20","modified_gmt":"2025-10-17T18:43:20","slug":"eis-o-duelo-decisivo-do-mundial-sub-20","status":"publish","type":"post","link":"https:\/\/www.europesays.com\/pt\/115021\/","title":{"rendered":"eis o duelo decisivo do Mundial Sub-20"},"content":{"rendered":"<p>&#8211; Advertisement &#8211;<\/p>\n<p><strong>O Mundial Sub-20 j\u00e1 est\u00e1 na final. Marrocos e Argentina venceram os jogos das meias finais e conseguiram chegar ao derradeiro jogo da prova. <\/strong><\/p>\n<p>J\u00e1 est\u00e1 definida a final do<a href=\"https:\/\/bolanarede.pt\/etiqueta\/mundial-sub-20\/\" target=\"_blank\" rel=\"noreferrer noopener nofollow\"> Mundial Sub-20<\/a>. Marrocos bateu a Fran\u00e7a nas meias-finais, a Argentina venceu a Col\u00f4mbia e o duelo decisivo da competi\u00e7\u00e3o est\u00e1 fechado.<\/p>\n<p>Marrocos venceu a Fran\u00e7a nos pen\u00e1ltis no primeiro jogo das meias finais. Depois de Yassir Zabiri, avan\u00e7ado do Famalic\u00e3o, falhar um pen\u00e1lti, o autogolo de Lisandru Olmeta (32\u2032) adiantou Marrocos e Lucas Michal (59\u2032) empatou o duelo. Nas grandes penalidades, 5-4 para os franceses. <\/p>\n<p>Na outra meia-final, a Argentina venceu a Col\u00f4mbia por 1-0. Gianluca Prestianni foi o MVP do encontro ao fazer a assist\u00eancia para o golo de Mateo Silvetti (72\u2032).<\/p>\n<p>A final entre Marrocos e Argentina est\u00e1 agendada para as 00h de domingo para segunda-feira. Antes disso, \u00e0s 20h de s\u00e1bado, 18 de outubro, Col\u00f4mbia e Fran\u00e7a disputam o 3.\u00ba lugar. <\/p>\n","protected":false},"excerpt":{"rendered":"&#8211; Advertisement &#8211; O Mundial Sub-20 j\u00e1 est\u00e1 na final. Marrocos e Argentina venceram os jogos das meias&hellip;\n","protected":false},"author":2,"featured_media":115022,"comment_status":"","ping_status":"","sticky":false,"template":"","format":"standard","meta":{"footnotes":""},"categories":[87],"tags":[27019,260,27020,135,27021,25256,27022,32,33,134],"class_list":{"0":"post-115021","1":"post","2":"type-post","3":"status-publish","4":"format-standard","5":"has-post-thumbnail","7":"category-desporto","8":"tag-argentina-sub-20","9":"tag-atualidade","10":"tag-colombia-sub-20","11":"tag-desporto","12":"tag-franca-sub-20","13":"tag-gianluca-prestianni","14":"tag-marrocos-sub-20","15":"tag-portugal","16":"tag-pt","17":"tag-sports"},"share_on_mastodon":{"url":"","error":""},"_links":{"self":[{"href":"https:\/\/www.europesays.com\/pt\/wp-json\/wp\/v2\/posts\/115021","targetHints":{"allow":["GET"]}}],"collection":[{"href":"https:\/\/www.europesays.com\/pt\/wp-json\/wp\/v2\/posts"}],"about":[{"href":"https:\/\/www.europesays.com\/pt\/wp-json\/wp\/v2\/types\/post"}],"author":[{"embeddable":true,"href":"https:\/\/www.europesays.com\/pt\/wp-json\/wp\/v2\/users\/2"}],"replies":[{"embeddable":true,"href":"https:\/\/www.europesays.com\/pt\/wp-json\/wp\/v2\/comments?post=115021"}],"version-history":[{"count":0,"href":"https:\/\/www.europesays.com\/pt\/wp-json\/wp\/v2\/posts\/115021\/revisions"}],"wp:featuredmedia":[{"embeddable":true,"href":"https:\/\/www.europesays.com\/pt\/wp-json\/wp\/v2\/media\/115022"}],"wp:attachment":[{"href":"https:\/\/www.europesays.com\/pt\/wp-json\/wp\/v2\/media?parent=115021"}],"wp:term":[{"taxonomy":"category","embeddable":true,"href":"https:\/\/www.europesays.com\/pt\/wp-json\/wp\/v2\/categories?post=115021"},{"taxonomy":"post_tag","embeddable":true,"href":"https:\/\/www.europesays.com\/pt\/wp-json\/wp\/v2\/tags?post=115021"}],"curies":[{"name":"wp","href":"https:\/\/api.w.org\/{rel}","templated":true}]}}