{"id":115026,"date":"2025-10-17T18:48:40","date_gmt":"2025-10-17T18:48:40","guid":{"rendered":"https:\/\/www.europesays.com\/pt\/115026\/"},"modified":"2025-10-17T18:48:40","modified_gmt":"2025-10-17T18:48:40","slug":"efeito-da-covid-19-no-esperma-pode-ter-impacto-nas-geracoes-futuras","status":"publish","type":"post","link":"https:\/\/www.europesays.com\/pt\/115026\/","title":{"rendered":"Efeito da COVID-19 no esperma pode ter impacto nas gera\u00e7\u00f5es futuras"},"content":{"rendered":"<p class=\"wp-caption-text top\"><a href=\"https:\/\/pixabay.com\/photos\/stay-at-home-staying-home-5094607\/\" rel=\"nofollow external noopener noreferrer\" data-wpel-link=\"external\" target=\"_blank\" class=\"ext-link\">soumen82hazra \/ Pixabay<\/a><\/p>\n<p><img decoding=\"async\" loading=\"lazy\" class=\"size-kopa-image-size-3 wp-image-561827\" src=\"https:\/\/www.europesays.com\/pt\/wp-content\/uploads\/2025\/10\/ecbc9003c131c1eeaecf9c02a410cb31-783x450.jpg\" alt=\"\" width=\"700\" height=\"402\"  \/><\/p>\n<p><strong>Um estudo com ratinhos revelou que a descend\u00eancia concebida depois de o pai ter tido COVID-19 apresenta n\u00edveis mais elevados de ansiedade. Tais altera\u00e7\u00f5es devem-se a diferen\u00e7as nos RNA n\u00e3o codificantes do esperma, que est\u00e3o envolvidos na regula\u00e7\u00e3o da express\u00e3o de genes espec\u00edficos.<\/strong><\/p>\n<p>Um estudo <a href=\"https:\/\/www.nature.com\/articles\/s41467-025-64473-0\" data-wpel-link=\"external\" target=\"_blank\" rel=\"nofollow external noopener noreferrer\" class=\"ext-link\">publicado<\/a> no s\u00e1bado na Nature Communication revelou que a <strong>COVID-19<\/strong> poder\u00e1 ter efeitos duradouros nas gera\u00e7\u00f5es futuras, decido a <strong>modifica\u00e7\u00f5es no esperma<\/strong>.<\/p>\n<p>\u201cJ\u00e1 sab\u00edamos que, quando os ratos machos eram expostos a fatores ambientais e de estilo de vida espec\u00edficos, como uma dieta pobre antes do acasalamento, isso podia alterar o desenvolvimento do c\u00e9rebro e o comportamento da descend\u00eancia. Isto deve-se ao facto de as experi\u00eancias do pai poderem alterar a informa\u00e7\u00e3o transportada pelo esperma, incluindo mol\u00e9culas de RNA espec\u00edficas, que transmitem instru\u00e7\u00f5es para o desenvolvimento da descend\u00eancia\u201d, explicaram , em <a href=\"https:\/\/florey.edu.au\/news\/2025\/10\/covid-19-causes-changes-in-sperm-that-lead-to-increased-anxiety-in-offspring\/\" data-wpel-link=\"external\" target=\"_blank\" rel=\"nofollow external noopener noreferrer\" class=\"ext-link\">comunicado<\/a>, os investigadores do Florey- Instituto de Neuroci\u00eancia e Sa\u00fade Mental em Melbourne (Austr\u00e1lia).<\/p>\n<p>A equipa quis estudar se o v\u00edrus COVID-19 afetaria de forma semelhante o RNA do esperma e a descend\u00eancia resultante. Todos os descendentes de pais afetados pela COVID-19 apresentaram um aumento dos comportamentos de ansiedade.<\/p>\n<p>\u201cDeix\u00e1mos que os ratos machos recuperassem da infe\u00e7\u00e3o por SARS-CoV-2 durante algumas semanas antes de acasalarem com f\u00eameas saud\u00e1veis. Descobrimos que a <strong>descend\u00eancia resultante apresentava comportamentos mais ansiosos<\/strong>, quando comparados com a descend\u00eancia de pais n\u00e3o infetados\u201d, disse a primeira autora do estudo, <strong>Elizabeth Kleeman<\/strong>.<\/p>\n<p>A an\u00e1lise do RNA do esperma dos pais infetados mostrou que, de facto, a COVID-19 tinha alterado v\u00e1rias mol\u00e9culas, incluindo algumas envolvidas na regula\u00e7\u00e3o de genes que se sabe serem importantes para o desenvolvimento do c\u00e9rebro.<\/p>\n<p>\u201cEstes resultados sugerem que a pandemia de COVID-19 pode ter efeitos duradouros nas gera\u00e7\u00f5es futuras. As nossas descobertas sublinham a import\u00e2ncia de compreender os impactos deste v\u00edrus e desta doen\u00e7a infeciosa, n\u00e3o s\u00f3 nas pessoas diretamente infetadas, mas tamb\u00e9m nos seus filhos, que podem ser afetados pela experi\u00eancia dos seus pais com a COVID-19\u201d, l\u00ea-se no comunicado.<\/p>\n<p>\u201cSe as nossas descobertas se traduzirem em seres humanos, isto poder\u00e1 ter impacto em milh\u00f5es de crian\u00e7as em todo o mundo e nas suas fam\u00edlias, com <strong>grandes implica\u00e7\u00f5es para a sa\u00fade p\u00fablica<\/strong>\u201d, acrescentaram.<\/p>\n<p>    <a href=\"https:\/\/zap.aeiou.pt\/subscrever-newsletter\" data-wpel-link=\"internal\" rel=\"nofollow noopener\" target=\"_blank\">&#13;<br \/>\n        <img loading=\"lazy\" decoding=\"async\" class=\"aligncenter size-full wp-image-575475\" src=\"https:\/\/www.europesays.com\/pt\/wp-content\/uploads\/2025\/10\/1759862234_971_2d51fe4a0ba54894421ead1809309ed9-1-450x140.jpg\" alt=\"Subscreva a Newsletter ZAP\" width=\"450\" height=\"140\"\/>&#13;<br \/>\n    <\/a><\/p>\n<p>                <a href=\"https:\/\/whatsapp.com\/channel\/0029VaIC4EE2f3EJZPPSbR34\" data-wpel-link=\"external\" target=\"_blank\" rel=\"nofollow external noopener noreferrer\" class=\"ext-link\">&#13;<br \/>\n                    <img loading=\"lazy\" decoding=\"async\" class=\"aligncenter size-full wp-image-575475\" src=\"https:\/\/www.europesays.com\/pt\/wp-content\/uploads\/2025\/10\/1759862234_512_c68c559d956d4ca20f435ed74a6e71e6.png\" alt=\"Siga-nos no WhatsApp\" width=\"175\" height=\"64\"\/>&#13;<br \/>\n                <\/a><\/p>\n<p>                <a href=\"https:\/\/news.google.com\/publications\/CAAiEHRwZondIV71PDjWNoqMduEqFAgKIhB0cGaJ3SFe9Tw41jaKjHbh?hl=en-US&amp;gl=US&amp;ceid=US%3Aen\" data-wpel-link=\"external\" target=\"_blank\" rel=\"nofollow external noopener noreferrer\" class=\"ext-link\">&#13;<br \/>\n                    <img loading=\"lazy\" decoding=\"async\" class=\"aligncenter size-full wp-image-575475\" src=\"https:\/\/www.europesays.com\/pt\/wp-content\/uploads\/2025\/10\/1759862235_242_5123dd8b087b644fdb8f8603acd1bad4.png\" alt=\"Siga-nos no Google News\" width=\"176\" height=\"64\"\/>&#13;<br \/>\n                <\/a><\/p>\n","protected":false},"excerpt":{"rendered":"soumen82hazra \/ Pixabay Um estudo com ratinhos revelou que a descend\u00eancia concebida depois de o pai ter tido&hellip;\n","protected":false},"author":2,"featured_media":115027,"comment_status":"","ping_status":"","sticky":false,"template":"","format":"standard","meta":{"footnotes":""},"categories":[50],"tags":[4843,27,28,3913,11569,15,16,14,25,26,21,22,1208,62,12,13,19,20,23,24,117,17,18,29,30,31,63,64,65],"class_list":{"0":"post-115026","1":"post","2":"type-post","3":"status-publish","4":"format-standard","5":"has-post-thumbnail","7":"category-mundo","8":"tag-ansiedade","9":"tag-breaking-news","10":"tag-breakingnews","11":"tag-coronavirus","12":"tag-covid","13":"tag-featured-news","14":"tag-featurednews","15":"tag-headlines","16":"tag-latest-news","17":"tag-latestnews","18":"tag-main-news","19":"tag-mainnews","20":"tag-medicina","21":"tag-mundo","22":"tag-news","23":"tag-noticias","24":"tag-noticias-principais","25":"tag-noticiasprincipais","26":"tag-principais-noticias","27":"tag-principaisnoticias","28":"tag-saude","29":"tag-top-stories","30":"tag-topstories","31":"tag-ultimas","32":"tag-ultimas-noticias","33":"tag-ultimasnoticias","34":"tag-world","35":"tag-world-news","36":"tag-worldnews"},"share_on_mastodon":{"url":"","error":""},"_links":{"self":[{"href":"https:\/\/www.europesays.com\/pt\/wp-json\/wp\/v2\/posts\/115026","targetHints":{"allow":["GET"]}}],"collection":[{"href":"https:\/\/www.europesays.com\/pt\/wp-json\/wp\/v2\/posts"}],"about":[{"href":"https:\/\/www.europesays.com\/pt\/wp-json\/wp\/v2\/types\/post"}],"author":[{"embeddable":true,"href":"https:\/\/www.europesays.com\/pt\/wp-json\/wp\/v2\/users\/2"}],"replies":[{"embeddable":true,"href":"https:\/\/www.europesays.com\/pt\/wp-json\/wp\/v2\/comments?post=115026"}],"version-history":[{"count":0,"href":"https:\/\/www.europesays.com\/pt\/wp-json\/wp\/v2\/posts\/115026\/revisions"}],"wp:featuredmedia":[{"embeddable":true,"href":"https:\/\/www.europesays.com\/pt\/wp-json\/wp\/v2\/media\/115027"}],"wp:attachment":[{"href":"https:\/\/www.europesays.com\/pt\/wp-json\/wp\/v2\/media?parent=115026"}],"wp:term":[{"taxonomy":"category","embeddable":true,"href":"https:\/\/www.europesays.com\/pt\/wp-json\/wp\/v2\/categories?post=115026"},{"taxonomy":"post_tag","embeddable":true,"href":"https:\/\/www.europesays.com\/pt\/wp-json\/wp\/v2\/tags?post=115026"}],"curies":[{"name":"wp","href":"https:\/\/api.w.org\/{rel}","templated":true}]}}