{"id":115030,"date":"2025-10-17T18:53:15","date_gmt":"2025-10-17T18:53:15","guid":{"rendered":"https:\/\/www.europesays.com\/pt\/115030\/"},"modified":"2025-10-17T18:53:15","modified_gmt":"2025-10-17T18:53:15","slug":"este-homem-tem-o-nome-mais-longo-do-mundo","status":"publish","type":"post","link":"https:\/\/www.europesays.com\/pt\/115030\/","title":{"rendered":"Este homem tem o nome mais longo do mundo"},"content":{"rendered":"<p>O homem de 60 anos, natural de Auckland, come\u00e7ou a construir o seu nome em 1990 com um \u00fanico objetivo: entrar no famoso Livro dos Recordes do Guinness.<\/p>\n<p>Fascinado desde jovem por feitos invulgares, leu o Livro dos Recordes do Guinness de uma ponta \u00e0 outra at\u00e9 perceber que, n\u00e3o tendo nenhum talento fora do comum, a melhor hip\u00f3tese de entrar para a hist\u00f3ria seria atrav\u00e9s da cria\u00e7\u00e3o do nome mais longo de sempre.<\/p>\n","protected":false},"excerpt":{"rendered":"O homem de 60 anos, natural de Auckland, come\u00e7ou a construir o seu nome em 1990 com um&hellip;\n","protected":false},"author":2,"featured_media":115031,"comment_status":"","ping_status":"","sticky":false,"template":"","format":"standard","meta":{"footnotes":""},"categories":[143],"tags":[169,114,115,170,32,33],"class_list":{"0":"post-115030","1":"post","2":"type-post","3":"status-publish","4":"format-standard","5":"has-post-thumbnail","7":"category-livros","8":"tag-books","9":"tag-entertainment","10":"tag-entretenimento","11":"tag-livros","12":"tag-portugal","13":"tag-pt"},"share_on_mastodon":{"url":"","error":""},"_links":{"self":[{"href":"https:\/\/www.europesays.com\/pt\/wp-json\/wp\/v2\/posts\/115030","targetHints":{"allow":["GET"]}}],"collection":[{"href":"https:\/\/www.europesays.com\/pt\/wp-json\/wp\/v2\/posts"}],"about":[{"href":"https:\/\/www.europesays.com\/pt\/wp-json\/wp\/v2\/types\/post"}],"author":[{"embeddable":true,"href":"https:\/\/www.europesays.com\/pt\/wp-json\/wp\/v2\/users\/2"}],"replies":[{"embeddable":true,"href":"https:\/\/www.europesays.com\/pt\/wp-json\/wp\/v2\/comments?post=115030"}],"version-history":[{"count":0,"href":"https:\/\/www.europesays.com\/pt\/wp-json\/wp\/v2\/posts\/115030\/revisions"}],"wp:featuredmedia":[{"embeddable":true,"href":"https:\/\/www.europesays.com\/pt\/wp-json\/wp\/v2\/media\/115031"}],"wp:attachment":[{"href":"https:\/\/www.europesays.com\/pt\/wp-json\/wp\/v2\/media?parent=115030"}],"wp:term":[{"taxonomy":"category","embeddable":true,"href":"https:\/\/www.europesays.com\/pt\/wp-json\/wp\/v2\/categories?post=115030"},{"taxonomy":"post_tag","embeddable":true,"href":"https:\/\/www.europesays.com\/pt\/wp-json\/wp\/v2\/tags?post=115030"}],"curies":[{"name":"wp","href":"https:\/\/api.w.org\/{rel}","templated":true}]}}