{"id":115034,"date":"2025-10-17T18:57:07","date_gmt":"2025-10-17T18:57:07","guid":{"rendered":"https:\/\/www.europesays.com\/pt\/115034\/"},"modified":"2025-10-17T18:57:07","modified_gmt":"2025-10-17T18:57:07","slug":"atletismo-isaac-nader-renova-contrato-com-o-benfica","status":"publish","type":"post","link":"https:\/\/www.europesays.com\/pt\/115034\/","title":{"rendered":"Atletismo. Isaac Nader renova contrato com o Benfica"},"content":{"rendered":"<p>&#13;<br \/>\nO atleta ganhou novo protagonismo em setembro, depois de vencer o t\u00edtulo mundial dos 1500 metros em T\u00f3quio, levando a melhor sobre os grandes favoritos.&#13;\n<\/p>\n<p>&#13;<br \/>\nIsaac Nader est\u00e1 no Benfica desde 2017 e mant\u00e9m o v\u00ednculo ao clube da Luz, apesar de treinar em Espanha com o treinador Enrique Pascual Oliva.&#13;\n<\/p>\n<p>&#13;<br \/>\nEm declara\u00e7\u00f5es \u00e0 televis\u00e3o do Benfica, o atleta de 26 anos disse estar &#8220;orgulhoso&#8221;.\u00a0&#13;\n<\/p>\n<p>&#13;<br \/>\n&#8220;\u00c9 com um sentimento de satisfa\u00e7\u00e3o e de muita felicidade que encaro mais um contrato e mais um desafio, para o ajudar o clube a conquistar aquilo que, em conjunto, nos propusemos a conquistar&#8221;, declarou o campe\u00e3o do mundo.&#13;\n<\/p>\n<p>&#13;<br \/>\nNa \u00faltima quinta-feira, dia 16 de outubro, Isaac Nader foi recebido pelo presidente da Assembleia da Rep\u00fablica, Jos\u00e9 Pedro Aguiar-Branco. Ao atleta, e outros medalhados, foi entregue um voto de sauda\u00e7\u00e3o reconhecendo as &#8220;conquistas alcan\u00e7adas nos Campeonatos Mundis de Atletismo realizados no Jap\u00e3o&#8221;.&#13;<\/p>\n","protected":false},"excerpt":{"rendered":"&#13; O atleta ganhou novo protagonismo em setembro, depois de vencer o t\u00edtulo mundial dos 1500 metros em&hellip;\n","protected":false},"author":2,"featured_media":115035,"comment_status":"","ping_status":"","sticky":false,"template":"","format":"standard","meta":{"footnotes":""},"categories":[87],"tags":[19709,1866,51,135,19708,32,33,134],"class_list":{"0":"post-115034","1":"post","2":"type-post","3":"status-publish","4":"format-standard","5":"has-post-thumbnail","7":"category-desporto","8":"tag-1500-metros","9":"tag-atletismo","10":"tag-benfica","11":"tag-desporto","12":"tag-isaac-nader","13":"tag-portugal","14":"tag-pt","15":"tag-sports"},"share_on_mastodon":{"url":"","error":""},"_links":{"self":[{"href":"https:\/\/www.europesays.com\/pt\/wp-json\/wp\/v2\/posts\/115034","targetHints":{"allow":["GET"]}}],"collection":[{"href":"https:\/\/www.europesays.com\/pt\/wp-json\/wp\/v2\/posts"}],"about":[{"href":"https:\/\/www.europesays.com\/pt\/wp-json\/wp\/v2\/types\/post"}],"author":[{"embeddable":true,"href":"https:\/\/www.europesays.com\/pt\/wp-json\/wp\/v2\/users\/2"}],"replies":[{"embeddable":true,"href":"https:\/\/www.europesays.com\/pt\/wp-json\/wp\/v2\/comments?post=115034"}],"version-history":[{"count":0,"href":"https:\/\/www.europesays.com\/pt\/wp-json\/wp\/v2\/posts\/115034\/revisions"}],"wp:featuredmedia":[{"embeddable":true,"href":"https:\/\/www.europesays.com\/pt\/wp-json\/wp\/v2\/media\/115035"}],"wp:attachment":[{"href":"https:\/\/www.europesays.com\/pt\/wp-json\/wp\/v2\/media?parent=115034"}],"wp:term":[{"taxonomy":"category","embeddable":true,"href":"https:\/\/www.europesays.com\/pt\/wp-json\/wp\/v2\/categories?post=115034"},{"taxonomy":"post_tag","embeddable":true,"href":"https:\/\/www.europesays.com\/pt\/wp-json\/wp\/v2\/tags?post=115034"}],"curies":[{"name":"wp","href":"https:\/\/api.w.org\/{rel}","templated":true}]}}