{"id":115042,"date":"2025-10-17T19:07:08","date_gmt":"2025-10-17T19:07:08","guid":{"rendered":"https:\/\/www.europesays.com\/pt\/115042\/"},"modified":"2025-10-17T19:07:08","modified_gmt":"2025-10-17T19:07:08","slug":"edificio-da-junta-de-vermoim-foi-destaque-numa-das-plataformas-de-arquitetura-mais-prestigiadas-do-mundo","status":"publish","type":"post","link":"https:\/\/www.europesays.com\/pt\/115042\/","title":{"rendered":"Edif\u00edcio da Junta de Vermoim foi destaque numa das plataformas de arquitetura mais prestigiadas do mundo"},"content":{"rendered":"<p>O novo edif\u00edcio da Junta de Freguesia de Vermoim foi destaque na ArchDaily, um dos sites mais conhecidos a n\u00edvel mundial pela partilha de informa\u00e7\u00e3o na \u00e1rea da arquitetura.<\/p>\n<p>Projetado pelo arquiteto Rui Mendes Ribeiro, o edif\u00edcio est\u00e1 localizado junto ao centro c\u00edvico e \u00e0 capela da freguesia, contempla pequenas \u00e1reas ajardinadas e de circula\u00e7\u00e3o pedonal.<\/p>\n<p>\u00c9 composto por r\u00e9s-do-ch\u00e3o e primeiro piso e nada foi deixado ao acaso, nem mesmo a escolha dos materiais de constru\u00e7\u00e3o, o bet\u00e3o aparente com cofragem em r\u00e9guas de madeira, o tijolo negro e o vidro que traduzem a for\u00e7a construtiva, a liga\u00e7\u00e3o entre interior e exterior e a luminosidade do edif\u00edcio.<\/p>\n","protected":false},"excerpt":{"rendered":"O novo edif\u00edcio da Junta de Freguesia de Vermoim foi destaque na ArchDaily, um dos sites mais conhecidos&hellip;\n","protected":false},"author":2,"featured_media":115043,"comment_status":"","ping_status":"","sticky":false,"template":"","format":"standard","meta":{"footnotes":""},"categories":[144],"tags":[207,205,206,203,201,202,204,114,115,32,33],"class_list":{"0":"post-115042","1":"post","2":"type-post","3":"status-publish","4":"format-standard","5":"has-post-thumbnail","7":"category-arte-e-design","8":"tag-arte","9":"tag-arte-e-design","10":"tag-artedesign","11":"tag-arts","12":"tag-arts-and-design","13":"tag-artsanddesign","14":"tag-design","15":"tag-entertainment","16":"tag-entretenimento","17":"tag-portugal","18":"tag-pt"},"share_on_mastodon":{"url":"","error":""},"_links":{"self":[{"href":"https:\/\/www.europesays.com\/pt\/wp-json\/wp\/v2\/posts\/115042","targetHints":{"allow":["GET"]}}],"collection":[{"href":"https:\/\/www.europesays.com\/pt\/wp-json\/wp\/v2\/posts"}],"about":[{"href":"https:\/\/www.europesays.com\/pt\/wp-json\/wp\/v2\/types\/post"}],"author":[{"embeddable":true,"href":"https:\/\/www.europesays.com\/pt\/wp-json\/wp\/v2\/users\/2"}],"replies":[{"embeddable":true,"href":"https:\/\/www.europesays.com\/pt\/wp-json\/wp\/v2\/comments?post=115042"}],"version-history":[{"count":0,"href":"https:\/\/www.europesays.com\/pt\/wp-json\/wp\/v2\/posts\/115042\/revisions"}],"wp:featuredmedia":[{"embeddable":true,"href":"https:\/\/www.europesays.com\/pt\/wp-json\/wp\/v2\/media\/115043"}],"wp:attachment":[{"href":"https:\/\/www.europesays.com\/pt\/wp-json\/wp\/v2\/media?parent=115042"}],"wp:term":[{"taxonomy":"category","embeddable":true,"href":"https:\/\/www.europesays.com\/pt\/wp-json\/wp\/v2\/categories?post=115042"},{"taxonomy":"post_tag","embeddable":true,"href":"https:\/\/www.europesays.com\/pt\/wp-json\/wp\/v2\/tags?post=115042"}],"curies":[{"name":"wp","href":"https:\/\/api.w.org\/{rel}","templated":true}]}}