{"id":115050,"date":"2025-10-17T19:12:11","date_gmt":"2025-10-17T19:12:11","guid":{"rendered":"https:\/\/www.europesays.com\/pt\/115050\/"},"modified":"2025-10-17T19:12:11","modified_gmt":"2025-10-17T19:12:11","slug":"video-golo-epico-do-sporting-no-top-5-da-champions","status":"publish","type":"post","link":"https:\/\/www.europesays.com\/pt\/115050\/","title":{"rendered":"V\u00cdDEO: golo \u00e9pico do Sporting no top-5 da Champions"},"content":{"rendered":"<p>Pelo terceiro jogo consecutivo na Champions, o Sporting venceu o gigante Veszpr\u00e9m, clube h\u00fangaro que no in\u00edcio do m\u00eas perdeu por um com o Barcelona na final do Mundial de Clubes, competi\u00e7\u00e3o que tinha conquistado na \u00e9poca passada.<\/p>\n<p>\u00c9 verdade que a vit\u00f3ria da equipa de Ricardo Costa foi mais curta do que acontecera na \u00e9poca passada no Jo\u00e3o Rocha, mas o triunfo garantido no \u00faltimo segundo ter\u00e1 tido tanto ou mais gosto para os le\u00f5es.<\/p>\n<p>O golo apontado por Martim Costa valeu a terceira vit\u00f3ria em cinco jornadas, e a import\u00e2ncia do mesmo foi destacado pela EHF com a nomea\u00e7\u00e3o para o top-5 dos melhores golos da jornada.<\/p>\n<p>A jogada coletiva idealizada num time-out pedido por Ricardo Costa a 14 segundos do final foi executada de forma perfeita, com um passe de Kiko a deixar o irm\u00e3o Martim em boa posi\u00e7\u00e3o para assegurar o triunfo.<\/p>\n<p>No mesmo jogo, uma das defesas feitas pelo eg\u00edpcio Mohamed Ali tamb\u00e9m foi eleita uma das melhores da 5.\u00aa jornada.<\/p>\n","protected":false},"excerpt":{"rendered":"Pelo terceiro jogo consecutivo na Champions, o Sporting venceu o gigante Veszpr\u00e9m, clube h\u00fangaro que no in\u00edcio do&hellip;\n","protected":false},"author":2,"featured_media":115051,"comment_status":"","ping_status":"","sticky":false,"template":"","format":"standard","meta":{"footnotes":""},"categories":[87],"tags":[135,32,33,134],"class_list":{"0":"post-115050","1":"post","2":"type-post","3":"status-publish","4":"format-standard","5":"has-post-thumbnail","7":"category-desporto","8":"tag-desporto","9":"tag-portugal","10":"tag-pt","11":"tag-sports"},"share_on_mastodon":{"url":"","error":""},"_links":{"self":[{"href":"https:\/\/www.europesays.com\/pt\/wp-json\/wp\/v2\/posts\/115050","targetHints":{"allow":["GET"]}}],"collection":[{"href":"https:\/\/www.europesays.com\/pt\/wp-json\/wp\/v2\/posts"}],"about":[{"href":"https:\/\/www.europesays.com\/pt\/wp-json\/wp\/v2\/types\/post"}],"author":[{"embeddable":true,"href":"https:\/\/www.europesays.com\/pt\/wp-json\/wp\/v2\/users\/2"}],"replies":[{"embeddable":true,"href":"https:\/\/www.europesays.com\/pt\/wp-json\/wp\/v2\/comments?post=115050"}],"version-history":[{"count":0,"href":"https:\/\/www.europesays.com\/pt\/wp-json\/wp\/v2\/posts\/115050\/revisions"}],"wp:featuredmedia":[{"embeddable":true,"href":"https:\/\/www.europesays.com\/pt\/wp-json\/wp\/v2\/media\/115051"}],"wp:attachment":[{"href":"https:\/\/www.europesays.com\/pt\/wp-json\/wp\/v2\/media?parent=115050"}],"wp:term":[{"taxonomy":"category","embeddable":true,"href":"https:\/\/www.europesays.com\/pt\/wp-json\/wp\/v2\/categories?post=115050"},{"taxonomy":"post_tag","embeddable":true,"href":"https:\/\/www.europesays.com\/pt\/wp-json\/wp\/v2\/tags?post=115050"}],"curies":[{"name":"wp","href":"https:\/\/api.w.org\/{rel}","templated":true}]}}