{"id":115057,"date":"2025-10-17T19:21:15","date_gmt":"2025-10-17T19:21:15","guid":{"rendered":"https:\/\/www.europesays.com\/pt\/115057\/"},"modified":"2025-10-17T19:21:15","modified_gmt":"2025-10-17T19:21:15","slug":"arquitetura-e-memoria-em-cartas-de-amor","status":"publish","type":"post","link":"https:\/\/www.europesays.com\/pt\/115057\/","title":{"rendered":"Arquitetura e Mem\u00f3ria em Cartas de Amor"},"content":{"rendered":"<p>Mem\u00f3rias da fam\u00edlia inspiram Lorena Capuci em ambiente que une afeto e design contempor\u00e2neo<\/p>\n<p>No ambiente criado pela arquiteta Lorena Capuci para a Casa Cor Mato Grosso do Sul, o <a href=\"https:\/\/www.campograndenews.com.br\/tempo\" target=\"_blank\" rel=\"nofollow noopener\">tempo<\/a> parece desacelerar. Batizado de \u201cRef\u00fagio do Tempo\u201d, o espa\u00e7o convida o visitante a entrar em um universo onde mem\u00f3ria \u00e9 o que abra\u00e7a.<\/p>\n<p>A arquiteta Lorena Capuci criou o &#8220;Ref\u00fagio do Tempo&#8221; para a Casa Cor Mato Grosso do Sul, um ambiente que une mem\u00f3ria familiar e design contempor\u00e2neo. O espa\u00e7o homenageia seus bisav\u00f3s, Jacira e Armando Jos\u00e9, atrav\u00e9s de cartas trocadas durante a Segunda Guerra Mundial, quando ele serviu como soldado na It\u00e1lia. O ambiente maximalista divide-se em dois espa\u00e7os simb\u00f3licos: um dedicado ao bisav\u00f4, com m\u00f3veis de \u00e9poca, e outro \u00e0 bisav\u00f3, com suas receitas manuscritas. A decora\u00e7\u00e3o inclui fotografias antigas, objetos pessoais e elementos de design moderno, criando uma atmosfera que celebra a hist\u00f3ria familiar em harmonia com a est\u00e9tica contempor\u00e2nea.<\/p>\n<p style=\"text-align: justify;\">Cada detalhe foi pensado para unir o afeto da hist\u00f3ria familiar com a est\u00e9tica do presente, numa homenagem aos bisav\u00f3s de Lorena, Dona Jacira e o marido, Armando Jos\u00e9, casal que viveu uma hist\u00f3ria de amor interrompida pela Segunda Guerra Mundial, mas eternizada em dezenas de cartas guardadas por mais de 60 anos.<\/p>\n<p style=\"text-align: justify;\">O ponto de partida foi justamente o acervo de lembran\u00e7as, com cartas, telegramas e receitas escritas \u00e0 m\u00e3o, que hoje se misturam a m\u00f3veis de design, obras contempor\u00e2neas e pe\u00e7as garimpadas pela arquiteta. \u201cEu sabia que queria fazer algo com sentido. Essas cartas sempre estiveram l\u00e1 em casa e, quando decidi participar da Casa Cor, entendi que era o momento de transformar essa mem\u00f3ria em algo vivo\u201d, conta Lorena.<\/p>\n<p><a href=\"https:\/\/cdn6.campograndenews.com.br\/uploads\/noticias\/2025\/10\/17\/9761b6e357bc973fcd9cf72af4da43738e5973a0.jpg\" data-fslightbox=\"gallery\" data-title=\"Arquiteta transforma cartas de amor da 2\u00aa Guerra em ref\u00fagio \" rel=\"nofollow noopener\" target=\"_blank\"><img decoding=\"async\" src=\"https:\/\/www.europesays.com\/pt\/wp-content\/uploads\/2025\/10\/3ix9o3f2mym8o.jpg\" class=\"img-fluid\" alt=\"Arquiteta transforma cartas de amor da 2\u00aa Guerra em ref\u00fagio \" title=\"Arquiteta transforma cartas de amor da 2\u00aa Guerra em ref\u00fagio \" width=\"2048\" height=\"1365\"   loading=\"lazy\"\/><\/a>Espa\u00e7o convida a entrar em um universo onde mem\u00f3ria e contemporaneidade se abra\u00e7am<a href=\"https:\/\/cdn6.campograndenews.com.br\/uploads\/noticias\/2025\/10\/17\/8ccb2526ed8df7fc1f849598b1de36e3d1bfff6e.jpg\" data-fslightbox=\"gallery\" data-title=\"Arquiteta transforma cartas de amor da 2\u00aa Guerra em ref\u00fagio \" rel=\"nofollow noopener\" target=\"_blank\"><img decoding=\"async\" src=\"https:\/\/www.europesays.com\/pt\/wp-content\/uploads\/2025\/10\/goln089lrkin.jpg\" class=\"img-fluid\" alt=\"Arquiteta transforma cartas de amor da 2\u00aa Guerra em ref\u00fagio \" title=\"Arquiteta transforma cartas de amor da 2\u00aa Guerra em ref\u00fagio \" width=\"2048\" height=\"1365\"   loading=\"lazy\"\/><\/a>Ambiente foi criado pela arquiteta Lorena Capuci para a Casa Cor MS<\/p>\n<p style=\"text-align: justify;\">O resultado \u00e9 um ambiente afetivo e maximalista, que rompe com o minimalismo frio e aposta em texturas, quadros, luz quente e objetos com alma. Logo na entrada, o visitante percorre um \u201ccorredor \u00edntimo\u201d onde as cartas originais trocadas entre os bisav\u00f3s est\u00e3o molduradas lado a lado com fotos de fam\u00edlia e registros de viagens. \u201cHoje em dia, as casas n\u00e3o t\u00eam mais porta-retratos. Eu quis resgatar isso, trazer de volta a mem\u00f3ria do lar\u201d, explica.<\/p>\n<p style=\"text-align: justify;\">A hist\u00f3ria que inspira o \u201cRef\u00fagio do <a href=\"https:\/\/www.campograndenews.com.br\/tempo\" target=\"_blank\" rel=\"nofollow noopener\">Tempo<\/a>\u201d come\u00e7a em 1940, quando Jacira Pereira conheceu o jovem soldado que partiria para lutar na It\u00e1lia. Ela tinha 14 anos; ele, 18. Durante os anos de separa\u00e7\u00e3o, o casal trocou cartas e telegramas que, d\u00e9cadas depois, seriam guardados com cuidado em caixas, um tesouro que em 2015 virou reportagem no Campo Grande News. (<a href=\"https:\/\/www.campograndenews.com.br\/lado-b\/comportamento-23-08-2011-08\/em-caixas-viuva-guarda-amor-de-51-anos-a-guerra-e-a-menina-que-ficou-para-tras\" rel=\"noopener noreferrer nofollow\" target=\"_blank\">clique aqui e leia a reportagem<\/a>).<\/p>\n<p><a href=\"https:\/\/cdn6.campograndenews.com.br\/uploads\/noticias\/2025\/10\/17\/68f1c4fcd6b59.jpg\" data-fslightbox=\"gallery\" data-title=\"Arquiteta transforma cartas de amor da 2\u00aa Guerra em ref\u00fagio \" rel=\"nofollow noopener\" target=\"_blank\"><img decoding=\"async\" src=\"https:\/\/www.europesays.com\/pt\/wp-content\/uploads\/2025\/10\/xr8m9dkuefrx.jpg\" class=\"img-fluid\" alt=\"Arquiteta transforma cartas de amor da 2\u00aa Guerra em ref\u00fagio \" title=\"Arquiteta transforma cartas de amor da 2\u00aa Guerra em ref\u00fagio \" width=\"1020\" height=\"967\"   loading=\"lazy\"\/><\/a>Poema esrito pelo bisav\u00f4 foi posicionado em mesa ao lado de outras lembran\u00e7as<a href=\"https:\/\/cdn6.campograndenews.com.br\/uploads\/noticias\/2025\/10\/17\/399743e6a6647972ce460c9270dbfeaa50bacc8e.jpeg\" data-fslightbox=\"gallery\" data-title=\"Arquiteta transforma cartas de amor da 2\u00aa Guerra em ref\u00fagio \" rel=\"nofollow noopener\" target=\"_blank\"><img decoding=\"async\" src=\"https:\/\/www.europesays.com\/pt\/wp-content\/uploads\/2025\/10\/2qmx0c91l36sw.jpeg\" class=\"img-fluid\" alt=\"Arquiteta transforma cartas de amor da 2\u00aa Guerra em ref\u00fagio \" title=\"Arquiteta transforma cartas de amor da 2\u00aa Guerra em ref\u00fagio \" width=\"2048\" height=\"1365\"   loading=\"lazy\"\/><\/a>Espa\u00e7o foi desenvolvido em um m\u00eas e Lorena fez escolheu cada item<\/p>\n<p>Essas mesmas cartas agora ganham nova vida, expostas como pe\u00e7as de design e emo\u00e7\u00e3o. \u201cNada est\u00e1 aqui s\u00f3 porque \u00e9 <a href=\"https:\/\/www.campograndenews.com.br\/bonito-ms\" target=\"_blank\" rel=\"nofollow noopener\">bonito<\/a>. Cada objeto tem um significado, cada luz foi pensada para transmitir algo\u201d, diz a arquiteta.<\/p>\n<p style=\"text-align: justify;\">O ambiente \u00e9 dividido em dois espa\u00e7os simb\u00f3licos, um canto dedicado ao bisav\u00f4, com poltrona cl\u00e1ssica do designer S\u00e9rgio Rodrigues e m\u00f3veis de \u00e9poca, e outro \u00e0 bisav\u00f3, onde Lorena reproduziu receitas originais de Jacira, escritas de pr\u00f3prio punho. \u201cEla era confeiteira, fazia croch\u00ea, costurava. Eu escaneei o caderno dela e o transformei em parte da decora\u00e7\u00e3o\u201d, destaca.<\/p>\n<p style=\"text-align: justify;\">Pequenos detalhes, como pe\u00e7as de croch\u00ea, a identifica\u00e7\u00e3o do bisav\u00f4 na guerra e versos de poema escrito por ele, completam o retrato sens\u00edvel de uma fam\u00edlia que atravessou o <a href=\"https:\/\/www.campograndenews.com.br\/tempo\" target=\"_blank\" rel=\"nofollow noopener\">tempo<\/a>.<\/p>\n<p><a href=\"https:\/\/cdn6.campograndenews.com.br\/uploads\/noticias\/2025\/10\/17\/fcfe88107677c637860f05ec0542b7d707106340.JPG\" data-fslightbox=\"gallery\" data-title=\"Arquiteta transforma cartas de amor da 2\u00aa Guerra em ref\u00fagio \" rel=\"nofollow noopener\" target=\"_blank\"><img decoding=\"async\" src=\"https:\/\/www.europesays.com\/pt\/wp-content\/uploads\/2025\/10\/ta9hxqswn1nd.jpg\" class=\"img-fluid\" alt=\"Arquiteta transforma cartas de amor da 2\u00aa Guerra em ref\u00fagio \" title=\"Arquiteta transforma cartas de amor da 2\u00aa Guerra em ref\u00fagio \" width=\"2048\" height=\"1155\"   loading=\"lazy\"\/><\/a>Texto da av\u00f3 foi impresso em porcelana e cadeira que ela gostava transformada em miniatura<a href=\"https:\/\/cdn6.campograndenews.com.br\/uploads\/noticias\/2025\/10\/17\/229e2fe5d532cbc878a712097b32b157fd5494eb.jpg\" data-fslightbox=\"gallery\" data-title=\"Arquiteta transforma cartas de amor da 2\u00aa Guerra em ref\u00fagio \" rel=\"nofollow noopener\" target=\"_blank\"><img decoding=\"async\" src=\"https:\/\/www.europesays.com\/pt\/wp-content\/uploads\/2025\/10\/2tfu6yysg0e80.jpg\" class=\"img-fluid\" alt=\"Arquiteta transforma cartas de amor da 2\u00aa Guerra em ref\u00fagio \" title=\"Arquiteta transforma cartas de amor da 2\u00aa Guerra em ref\u00fagio \" width=\"2048\" height=\"1365\"   loading=\"lazy\"\/><\/a>Pe\u00e7as do ambiente contam hist\u00f3ria da fam\u00edlia e conversam com arquitetura moderna<\/p>\n<p>O \u201cRef\u00fagio do <a href=\"https:\/\/www.campograndenews.com.br\/tempo\" target=\"_blank\" rel=\"nofollow noopener\">Tempo<\/a>\u201d, al\u00e9m de uma homenagem, \u00e9 tamb\u00e9m um manifesto sobre o papel da mem\u00f3ria na arquitetura e insere elementos que contam uma hist\u00f3ria real. \u201cA arquitetura ficou muito t\u00e9cnica. Eu quis trazer sentimento\u201d, resume Lorena.<\/p>\n<p style=\"text-align: justify;\">Todo o ambiente foi desenvolvido em <a href=\"https:\/\/www.campograndenews.com.br\/tempo\" target=\"_blank\" rel=\"nofollow noopener\">tempo<\/a> recorde, cerca de 30 dias. O trabalho na Casa Cor foi a estreia de Lorena na mostra e um desafio pessoal. \u201cSempre fiquei nos bastidores, mas esse projeto me tirou da zona de conforto. Foi uma homenagem e tamb\u00e9m um novo come\u00e7o para mim\u201d, finaliza Lorena.<\/p>\n<p><a href=\"https:\/\/cdn6.campograndenews.com.br\/uploads\/noticias\/2025\/10\/17\/36bf8a757e5cfc21faa5f228be28f5dd86f7488e.png\" data-fslightbox=\"gallery\" data-title=\"Arquiteta transforma cartas de amor da 2\u00aa Guerra em ref\u00fagio \" rel=\"nofollow noopener\" target=\"_blank\"><img decoding=\"async\" src=\"https:\/\/www.europesays.com\/pt\/wp-content\/uploads\/2025\/10\/a0qqmaehi8tx.png\" class=\"img-fluid\" alt=\"Arquiteta transforma cartas de amor da 2\u00aa Guerra em ref\u00fagio \" title=\"Arquiteta transforma cartas de amor da 2\u00aa Guerra em ref\u00fagio \" width=\"800\" height=\"531\"   loading=\"lazy\"\/><\/a>Dona Jacira e Armando foram casados por 51 anos. (Foto: Marcelo Calazans)<\/p>\n<p style=\"text-align: justify;\">Acompanhe o<strong>\u00a0Lado B\u00a0<\/strong>no Instagram <a href=\"https:\/\/www.instagram.com\/ladobcgoficial\/\" rel=\"noopener noreferrer nofollow\" target=\"_blank\">@ladobcgoficial<\/a>, <a href=\"https:\/\/www.facebook.com\/ladobcg\" rel=\"noopener noreferrer nofollow\" target=\"_blank\">Facebook<\/a> e<a href=\"https:\/\/twitter.com\/ladobcg\" rel=\"noopener noreferrer nofollow\" target=\"_blank\">\u00a0Twitter<\/a>. Tem pauta para sugerir? Mande nas redes sociais ou no Direto das Ruas atrav\u00e9s do <a href=\"https:\/\/www.campograndenews.com.br\/fale-conosco\" target=\"_blank\" rel=\"nofollow noopener\">WhatsApp<\/a><a href=\"https:\/\/api.whatsapp.com\/send?phone=5567996699563&amp;text=&amp;source=&amp;data=&amp;app_absent=\" rel=\"noopener noreferrer nofollow\" target=\"_blank\">\u00a0(67) 99669-9563 (chame aqui)<\/a>.<\/p>\n<p style=\"text-align: justify;\">Receba as principais not\u00edcias do Estado pelo Whats. <a href=\"https:\/\/chat.whatsapp.com\/Kajn5WniqVnA7hsSUn6vbP*Wi-Fi\" rel=\"noopener noreferrer nofollow\" target=\"_blank\">Clique aqui para entrar na lista VIP do Campo Grande News<\/a>.<\/p>\n<p><script async src=\"https:\/\/platform.twitter.com\/widgets.js\" charset=\"utf-8\"><\/script><script async src=\"\/\/www.instagram.com\/embed.js\"><\/script><\/p>\n","protected":false},"excerpt":{"rendered":"Mem\u00f3rias da fam\u00edlia inspiram Lorena Capuci em ambiente que une afeto e design contempor\u00e2neo No ambiente criado pela&hellip;\n","protected":false},"author":2,"featured_media":115058,"comment_status":"","ping_status":"","sticky":false,"template":"","format":"standard","meta":{"footnotes":""},"categories":[144],"tags":[27032,27036,27028,27029,207,205,206,203,201,202,11650,27030,27031,204,24524,114,27035,115,27033,10805,27037,32,33,20986,2077,27034],"class_list":{"0":"post-115057","1":"post","2":"type-post","3":"status-publish","4":"format-standard","5":"has-post-thumbnail","7":"category-arte-e-design","8":"tag-refgio","9":"tag-abraa","10":"tag-ambiente-criado","11":"tag-arquiteta-lorena-capuci","12":"tag-arte","13":"tag-arte-e-design","14":"tag-artedesign","15":"tag-arts","16":"tag-arts-and-design","17":"tag-artsanddesign","18":"tag-batizado","19":"tag-casa-cor-mato-grosso","20":"tag-desacelerar","21":"tag-design","22":"tag-detalhe","23":"tag-entertainment","24":"tag-entrar","25":"tag-entretenimento","26":"tag-espao-convida","27":"tag-memria","28":"tag-pensado","29":"tag-portugal","30":"tag-pt","31":"tag-unir","32":"tag-universo","33":"tag-visitante"},"share_on_mastodon":{"url":"","error":""},"_links":{"self":[{"href":"https:\/\/www.europesays.com\/pt\/wp-json\/wp\/v2\/posts\/115057","targetHints":{"allow":["GET"]}}],"collection":[{"href":"https:\/\/www.europesays.com\/pt\/wp-json\/wp\/v2\/posts"}],"about":[{"href":"https:\/\/www.europesays.com\/pt\/wp-json\/wp\/v2\/types\/post"}],"author":[{"embeddable":true,"href":"https:\/\/www.europesays.com\/pt\/wp-json\/wp\/v2\/users\/2"}],"replies":[{"embeddable":true,"href":"https:\/\/www.europesays.com\/pt\/wp-json\/wp\/v2\/comments?post=115057"}],"version-history":[{"count":0,"href":"https:\/\/www.europesays.com\/pt\/wp-json\/wp\/v2\/posts\/115057\/revisions"}],"wp:featuredmedia":[{"embeddable":true,"href":"https:\/\/www.europesays.com\/pt\/wp-json\/wp\/v2\/media\/115058"}],"wp:attachment":[{"href":"https:\/\/www.europesays.com\/pt\/wp-json\/wp\/v2\/media?parent=115057"}],"wp:term":[{"taxonomy":"category","embeddable":true,"href":"https:\/\/www.europesays.com\/pt\/wp-json\/wp\/v2\/categories?post=115057"},{"taxonomy":"post_tag","embeddable":true,"href":"https:\/\/www.europesays.com\/pt\/wp-json\/wp\/v2\/tags?post=115057"}],"curies":[{"name":"wp","href":"https:\/\/api.w.org\/{rel}","templated":true}]}}