{"id":115059,"date":"2025-10-17T19:22:07","date_gmt":"2025-10-17T19:22:07","guid":{"rendered":"https:\/\/www.europesays.com\/pt\/115059\/"},"modified":"2025-10-17T19:22:07","modified_gmt":"2025-10-17T19:22:07","slug":"lancamento-do-livro-por-uma-poetica-da-criatividade-escrito-por-pe-anderson-pedroso-sj-portal-jesuitas-brasil","status":"publish","type":"post","link":"https:\/\/www.europesays.com\/pt\/115059\/","title":{"rendered":"Lan\u00e7amento do livro \u201cPor uma po\u00e9tica da criatividade\u201d, escrito por Pe. Anderson Pedroso, SJ \u2013 Portal Jesu\u00edtas Brasil"},"content":{"rendered":"<p><img fetchpriority=\"high\" decoding=\"async\" class=\"aligncenter wp-image-53145 size-large\" src=\"https:\/\/www.europesays.com\/pt\/wp-content\/uploads\/2025\/10\/convite-lancamento-livro-Pe.-Anderson-1000x563.jpg\" alt=\"\" width=\"800\" height=\"450\"  \/><\/p>\n<p>A \u00a0Pontif\u00edcia Universidade Cat\u00f3lica do Rio de Janeiro (PUC-Rio) convida a todos para o lan\u00e7amento do livro Por uma po\u00e9tica da criatividade, de autoria do Pe. Anderson Antonio Pedroso, SJ, reitor da institui\u00e7\u00e3o.<\/p>\n<p>A obra, publicada pela Editora PUC-Rio em coedi\u00e7\u00e3o com a Hucitec Editora, \u00e9 um convite \u00e0 reflex\u00e3o cr\u00edtica e existencial sobre a arte e a imagem t\u00e9cnica. Partindo de um retorno \u00e0s origens da hist\u00f3ria da cultura, e influenciado pela abordagem do fil\u00f3sofo Vil\u00e9m Flusser, Pe. Anderson questiona a pr\u00f3pria no\u00e7\u00e3o de arte, reposicionando-a no quadro da antropologia cultural. Trata-se de uma releitura das bases te\u00f3ricas e pr\u00e1ticas do fen\u00f4meno art\u00edstico, que desafia a vis\u00e3o teleol\u00f3gica tradicional da hist\u00f3ria da arte.<\/p>\n<p><strong>Detalhes do lan\u00e7amento<\/strong><\/p>\n<p><strong>Quando:<\/strong> 23 de outubro (quinta-feira), \u00e0s 18h30 (hor\u00e1rio de Bras\u00edlia)<br \/><strong>Local:<\/strong> Livraria Travessa, no Shopping Leblon, Rio de Janeiro (RJ)<\/p>\n<p>\u00a0<\/p>\n","protected":false},"excerpt":{"rendered":"A \u00a0Pontif\u00edcia Universidade Cat\u00f3lica do Rio de Janeiro (PUC-Rio) convida a todos para o lan\u00e7amento do livro Por&hellip;\n","protected":false},"author":2,"featured_media":115060,"comment_status":"","ping_status":"","sticky":false,"template":"","format":"standard","meta":{"footnotes":""},"categories":[143],"tags":[169,114,115,170,32,33],"class_list":{"0":"post-115059","1":"post","2":"type-post","3":"status-publish","4":"format-standard","5":"has-post-thumbnail","7":"category-livros","8":"tag-books","9":"tag-entertainment","10":"tag-entretenimento","11":"tag-livros","12":"tag-portugal","13":"tag-pt"},"share_on_mastodon":{"url":"","error":""},"_links":{"self":[{"href":"https:\/\/www.europesays.com\/pt\/wp-json\/wp\/v2\/posts\/115059","targetHints":{"allow":["GET"]}}],"collection":[{"href":"https:\/\/www.europesays.com\/pt\/wp-json\/wp\/v2\/posts"}],"about":[{"href":"https:\/\/www.europesays.com\/pt\/wp-json\/wp\/v2\/types\/post"}],"author":[{"embeddable":true,"href":"https:\/\/www.europesays.com\/pt\/wp-json\/wp\/v2\/users\/2"}],"replies":[{"embeddable":true,"href":"https:\/\/www.europesays.com\/pt\/wp-json\/wp\/v2\/comments?post=115059"}],"version-history":[{"count":0,"href":"https:\/\/www.europesays.com\/pt\/wp-json\/wp\/v2\/posts\/115059\/revisions"}],"wp:featuredmedia":[{"embeddable":true,"href":"https:\/\/www.europesays.com\/pt\/wp-json\/wp\/v2\/media\/115060"}],"wp:attachment":[{"href":"https:\/\/www.europesays.com\/pt\/wp-json\/wp\/v2\/media?parent=115059"}],"wp:term":[{"taxonomy":"category","embeddable":true,"href":"https:\/\/www.europesays.com\/pt\/wp-json\/wp\/v2\/categories?post=115059"},{"taxonomy":"post_tag","embeddable":true,"href":"https:\/\/www.europesays.com\/pt\/wp-json\/wp\/v2\/tags?post=115059"}],"curies":[{"name":"wp","href":"https:\/\/api.w.org\/{rel}","templated":true}]}}