{"id":115071,"date":"2025-10-17T19:39:08","date_gmt":"2025-10-17T19:39:08","guid":{"rendered":"https:\/\/www.europesays.com\/pt\/115071\/"},"modified":"2025-10-17T19:39:08","modified_gmt":"2025-10-17T19:39:08","slug":"desportivo-de-chaves-benfica-a-taca-de-portugal-em-direto-na-rtp-rtp","status":"publish","type":"post","link":"https:\/\/www.europesays.com\/pt\/115071\/","title":{"rendered":"Desportivo de Chaves &#8211; Benfica, a Ta\u00e7a de Portugal em direto na RTP &#8211; RTP"},"content":{"rendered":"<ol>\n<li><a href=\"https:\/\/news.google.com\/rss\/articles\/CBMirgFBVV95cUxQUnQ4ejh4cGJvNE82cnZBWjhUaUh1aWRhYVRRR3B4U0JKdzduOEdIM09rUVNqNVl4UGlIbnA2MnBpQWtxdlZVZzVWN0NFRUF5LVVaWllNZXplR1pHbE5ZMnhseHRYWDRfMHpCdl9xcG9wd01BcU9LeHhfdVcycWdPVDRlV0pJU3JlRDlOMVlDT3Q2NVdHNDdpSmRHTVNzdmZqaUpfUnJlNmZKbHhxX0E?oc=5\" target=\"_blank\" rel=\"nofollow noopener\">Desportivo de Chaves &#8211; Benfica, a Ta\u00e7a de Portugal em direto na RTP<\/a>&nbsp;&nbsp;RTP<\/li>\n<li><a href=\"https:\/\/news.google.com\/rss\/articles\/CBMijwFBVV95cUxQczNCQXdCY2V6aG0tMU15MW5PVWxYUGFscUduRjNJazA1eUcwbWtIS1NWdWU1RE5leHg0ZWhMQzhIZXQzTlIyS3I1cGExTXQteHR3TTBrODJVLWZ3ZlZwcjBrTVNiOWtCdEdFaEU1b3pMd2ZoZ2xlc0NPR0JwSTR0NFpNdVk2ZFJOZWtfM1pEZw?oc=5\" target=\"_blank\" rel=\"nofollow noopener\">Chaves x Benfica: onde assistir, hor\u00e1rio e escala\u00e7\u00f5es<\/a>&nbsp;&nbsp;VEJA<\/li>\n<li><a href=\"https:\/\/news.google.com\/rss\/articles\/CBMiwwFBVV95cUxOZjZON01rSlpDWmF0SjVOZEN3Wmo2RXB0b0Zsek5YZ0ZpNlNpZnpRYm56VFBBU05QZjFaN1NaXzlndHB0Z2VlbmFHY3RjSGFWbUd3emoxSHlqMG80UndkcmdhZERsMnlBOFJJNVEwZllQWEM5dFk5bXpzcmxLWFo0bTVFU3hodld5ZFEzZUtfRTZWUDBMZ2YxeDVyQTdwMlU5UjM4d1ZteE4zSHRQMzlpWV9QTU82cDd1Q0FZaDVqNWo0eE0?oc=5\" target=\"_blank\" rel=\"nofollow noopener\">Chaves x Benfica pela Ta\u00e7a de Portugal: onde assistir ao vivo, hor\u00e1rio e escala\u00e7\u00e3o<\/a>&nbsp;&nbsp;Estad\u00e3o<\/li>\n<li><a href=\"https:\/\/news.google.com\/rss\/articles\/CBMi7AFBVV95cUxNVUQ4cXlWajZTQXBXQ2E1TzJuamhjYjVsZ21yczdrdGp2RnVfQVFfMDFzY3N2ZHdfN0lIdmJpTkk1NmJxWGVPOGJiSGFac3dOazlSM1lxa0JSQW9vTWc0THhyTjNmUEt4Rm9wTE43b0llN1VkeVpMel93T3gwVTBDRDN5cjN5RFd3MU9JOWR5NTYxU3dhWEU1ZmlkZDdhd0g5SlBubVZpWlFrWlVDLUZxV0gydVY2WGhrbGZUNHZ6bnVHRzhsNUR1TXNHdUxDQlM2dmZfTmxndGJ4NUZMVHdpb05aNnE1a2xTUHpIdg?oc=5\" target=\"_blank\" rel=\"nofollow noopener\">Chaves x Benfica: onde assistir, escala\u00e7\u00f5es e arbitragem<\/a>&nbsp;&nbsp;Terra<\/li>\n<li><a href=\"https:\/\/news.google.com\/rss\/articles\/CBMijAFBVV95cUxPUUxHdUtCNkVsZjk5bVBnMDVJMjB4Z21UYThKZVRXdGRVU0hTMGhldVlYa2JiNE8zMmllcWY5NU1lTUkwVm40SnhyTko3dzRLdTZBTExRSVMzX1NycGFsc3lSZ0hMSGh5azJUSkxQZ2wwY3dzSmtCZjM1X2VIcTlpbnBuT3g2aGtKY1BSaA?oc=5\" target=\"_blank\" rel=\"nofollow noopener\">Chaves x Benfica \u2013 Palpites e onde assistir \u2013 (17\/10)<\/a>&nbsp;&nbsp;Olhar Digital<\/li>\n<\/ol>\n","protected":false},"excerpt":{"rendered":"Desportivo de Chaves &#8211; Benfica, a Ta\u00e7a de Portugal em direto na RTP&nbsp;&nbsp;RTP Chaves x Benfica: onde assistir,&hellip;\n","protected":false},"author":2,"featured_media":115072,"comment_status":"","ping_status":"","sticky":false,"template":"","format":"standard","meta":{"footnotes":""},"categories":[8],"tags":[51,27,28,27039,15,16,14,25,26,21,22,12,13,19,20,32,23,24,33,420,3142,17,18,29,30,31],"class_list":{"0":"post-115071","1":"post","2":"type-post","3":"status-publish","4":"format-standard","5":"has-post-thumbnail","7":"category-principais-noticias","8":"tag-benfica","9":"tag-breaking-news","10":"tag-breakingnews","11":"tag-desportivo-de-chaves","12":"tag-featured-news","13":"tag-featurednews","14":"tag-headlines","15":"tag-latest-news","16":"tag-latestnews","17":"tag-main-news","18":"tag-mainnews","19":"tag-news","20":"tag-noticias","21":"tag-noticias-principais","22":"tag-noticiasprincipais","23":"tag-portugal","24":"tag-principais-noticias","25":"tag-principaisnoticias","26":"tag-pt","27":"tag-rtp","28":"tag-taca-de-portugal","29":"tag-top-stories","30":"tag-topstories","31":"tag-ultimas","32":"tag-ultimas-noticias","33":"tag-ultimasnoticias"},"share_on_mastodon":{"url":"","error":""},"_links":{"self":[{"href":"https:\/\/www.europesays.com\/pt\/wp-json\/wp\/v2\/posts\/115071","targetHints":{"allow":["GET"]}}],"collection":[{"href":"https:\/\/www.europesays.com\/pt\/wp-json\/wp\/v2\/posts"}],"about":[{"href":"https:\/\/www.europesays.com\/pt\/wp-json\/wp\/v2\/types\/post"}],"author":[{"embeddable":true,"href":"https:\/\/www.europesays.com\/pt\/wp-json\/wp\/v2\/users\/2"}],"replies":[{"embeddable":true,"href":"https:\/\/www.europesays.com\/pt\/wp-json\/wp\/v2\/comments?post=115071"}],"version-history":[{"count":0,"href":"https:\/\/www.europesays.com\/pt\/wp-json\/wp\/v2\/posts\/115071\/revisions"}],"wp:featuredmedia":[{"embeddable":true,"href":"https:\/\/www.europesays.com\/pt\/wp-json\/wp\/v2\/media\/115072"}],"wp:attachment":[{"href":"https:\/\/www.europesays.com\/pt\/wp-json\/wp\/v2\/media?parent=115071"}],"wp:term":[{"taxonomy":"category","embeddable":true,"href":"https:\/\/www.europesays.com\/pt\/wp-json\/wp\/v2\/categories?post=115071"},{"taxonomy":"post_tag","embeddable":true,"href":"https:\/\/www.europesays.com\/pt\/wp-json\/wp\/v2\/tags?post=115071"}],"curies":[{"name":"wp","href":"https:\/\/api.w.org\/{rel}","templated":true}]}}