{"id":115075,"date":"2025-10-17T19:41:10","date_gmt":"2025-10-17T19:41:10","guid":{"rendered":"https:\/\/www.europesays.com\/pt\/115075\/"},"modified":"2025-10-17T19:41:10","modified_gmt":"2025-10-17T19:41:10","slug":"exposicao-na-fonte-do-idolo-dedicada-aos-20-anos-do-concurso-municipal-de-fotografia","status":"publish","type":"post","link":"https:\/\/www.europesays.com\/pt\/115075\/","title":{"rendered":"Exposi\u00e7\u00e3o na Fonte do \u00cddolo dedicada aos 20 anos do Concurso Municipal de Fotografia"},"content":{"rendered":"<p>Decorreu ontem, 16 de outubro, na Fonte do \u00cddolo, a inaugura\u00e7\u00e3o da exposi\u00e7\u00e3o relativa aos 20 anos do Concurso Municipal de Fotografia.<\/p>\n<p>\t\t<img decoding=\"async\" src=\"https:\/\/www.europesays.com\/pt\/wp-content\/uploads\/2025\/10\/1760730070_119_thumbs.web.sapo.io\"  loading=\"true\"\/><\/p>\n<p>A exposi\u00e7\u00e3o, que estar\u00e1 patente durante cerca de duas semanas, re\u00fane os trabalhos vencedores das primeiras 20 edi\u00e7\u00f5es deste Concurso promovido pelo Munic\u00edpio de Braga.<\/p>\n<p>Ao longo da sua exist\u00eancia, o Concurso Municipal de Fotografia tem vindo a evocar e a celebrar m\u00faltiplas facetas do patrim\u00f3nio cultural Bracarense, incluindo os principais eventos festivos que animam a Cidade, nomeadamente a Braga Romana, a Capital Europeia da Juventude, a Noite Branca ou as Festas de S\u00e3o Jo\u00e3o.<\/p>\n<p>Ricardo Rio, presidente da C\u00e2mara Municipal de Braga, sublinhou a capacidade que esta iniciativa tem demonstrado para promover o territ\u00f3rio. \u201cEste concurso \u00e9, acima de tudo, um ve\u00edculo de divulga\u00e7\u00e3o da pr\u00f3pria cidade de Braga. Atrav\u00e9s da fotografia, desafiamos os Bracarenses a olhar a sua cidade com uma nova perspetiva e a descobrir dimens\u00f5es do nosso quotidiano que muitas vezes nos passam despercebidas\u201d, afirmou, sublinhando ainda o \u00b4n\u00edvel de participa\u00e7\u00e3o e a qualidade dos trabalhos\u00b4 apresentados ao longo de duas d\u00e9cadas.<\/p>\n<p>Para o autarca, \u00e9 fundamental dar continuidade a este projeto e preservar a mem\u00f3ria de cada edi\u00e7\u00e3o. \u201cEsse des\u00edgnio pode ser alcan\u00e7ado atrav\u00e9s de exposi\u00e7\u00f5es como esta e de publica\u00e7\u00f5es que mantenham viva a hist\u00f3ria e o olhar dos nossos fot\u00f3grafos sobre a cidade\u201d, disse.<\/p>\n","protected":false},"excerpt":{"rendered":"Decorreu ontem, 16 de outubro, na Fonte do \u00cddolo, a inaugura\u00e7\u00e3o da exposi\u00e7\u00e3o relativa aos 20 anos do&hellip;\n","protected":false},"author":2,"featured_media":115076,"comment_status":"","ping_status":"","sticky":false,"template":"","format":"standard","meta":{"footnotes":""},"categories":[144],"tags":[207,205,206,203,201,202,204,114,115,32,33],"class_list":{"0":"post-115075","1":"post","2":"type-post","3":"status-publish","4":"format-standard","5":"has-post-thumbnail","7":"category-arte-e-design","8":"tag-arte","9":"tag-arte-e-design","10":"tag-artedesign","11":"tag-arts","12":"tag-arts-and-design","13":"tag-artsanddesign","14":"tag-design","15":"tag-entertainment","16":"tag-entretenimento","17":"tag-portugal","18":"tag-pt"},"share_on_mastodon":{"url":"","error":""},"_links":{"self":[{"href":"https:\/\/www.europesays.com\/pt\/wp-json\/wp\/v2\/posts\/115075","targetHints":{"allow":["GET"]}}],"collection":[{"href":"https:\/\/www.europesays.com\/pt\/wp-json\/wp\/v2\/posts"}],"about":[{"href":"https:\/\/www.europesays.com\/pt\/wp-json\/wp\/v2\/types\/post"}],"author":[{"embeddable":true,"href":"https:\/\/www.europesays.com\/pt\/wp-json\/wp\/v2\/users\/2"}],"replies":[{"embeddable":true,"href":"https:\/\/www.europesays.com\/pt\/wp-json\/wp\/v2\/comments?post=115075"}],"version-history":[{"count":0,"href":"https:\/\/www.europesays.com\/pt\/wp-json\/wp\/v2\/posts\/115075\/revisions"}],"wp:featuredmedia":[{"embeddable":true,"href":"https:\/\/www.europesays.com\/pt\/wp-json\/wp\/v2\/media\/115076"}],"wp:attachment":[{"href":"https:\/\/www.europesays.com\/pt\/wp-json\/wp\/v2\/media?parent=115075"}],"wp:term":[{"taxonomy":"category","embeddable":true,"href":"https:\/\/www.europesays.com\/pt\/wp-json\/wp\/v2\/categories?post=115075"},{"taxonomy":"post_tag","embeddable":true,"href":"https:\/\/www.europesays.com\/pt\/wp-json\/wp\/v2\/tags?post=115075"}],"curies":[{"name":"wp","href":"https:\/\/api.w.org\/{rel}","templated":true}]}}