{"id":115081,"date":"2025-10-17T19:45:10","date_gmt":"2025-10-17T19:45:10","guid":{"rendered":"https:\/\/www.europesays.com\/pt\/115081\/"},"modified":"2025-10-17T19:45:10","modified_gmt":"2025-10-17T19:45:10","slug":"os-novos-viloes-do-batman-podem-redefinir-o-heroi-nos-cinemas","status":"publish","type":"post","link":"https:\/\/www.europesays.com\/pt\/115081\/","title":{"rendered":"Os novos vil\u00f5es do Batman podem redefinir o her\u00f3i nos cinemas"},"content":{"rendered":"<p>O <a href=\"https:\/\/tangerina.uol.com.br\/filmes-series\/dc-superman-corenswet-batman-pattinson\/\" target=\"_blank\" rel=\"noreferrer noopener nofollow\">futuro do Batman<\/a> no cinema promete ser mais complexo \u2014 e possivelmente mais sombrio \u2014 do que nunca. Com dois filmes em desenvolvimento em universos distintos, o her\u00f3i deve encarar amea\u00e7as completamente diferentes em cada um deles. De um lado, <strong>The Batman: Parte II<\/strong>, sequ\u00eancia do sucesso dirigido por Matt Reeves, tem estreia marcada para 1\u00ba de outubro de 2027. Do outro, <strong>The Brave and the Bold<\/strong>, sob o comando de Andy Muschietti, vai introduzir um novo Cavaleiro das Trevas no universo compartilhado da DC comandado por James Gunn e Peter Safran.<\/p>\n<p>O longa de Reeves continua na linha mais realista e investigativa. J\u00e1 o projeto do DCU ser\u00e1 o oposto: um filme de equipe, que deve apresentar Damian Wayne \u2014 o filho biol\u00f3gico de Bruce. A diferen\u00e7a de tom tamb\u00e9m se refletir\u00e1 nas amea\u00e7as que cada vers\u00e3o do her\u00f3i enfrentar\u00e1, j\u00e1 que os dois filmes devem explorar vil\u00f5es de naturezas bem distintas.<\/p>\n<p>Em The Batman: Parte II, o diretor deve seguir expandindo o submundo de Gotham, dando espa\u00e7o a figuras que ainda n\u00e3o apareceram no primeiro filme. Nomes como o Crocodilo (Killer Croc), o incendi\u00e1rio Firefly, o s\u00e1dico Victor Zsasz e o fan\u00e1tico Azrael surgem entre os vil\u00f5es mais especulados. No entanto, o favorito dos f\u00e3s segue sendo Hush. O personagem \u00e9 um dos antagonistas mais enigm\u00e1ticos dos quadrinhos e cuja presen\u00e7a foi sugerida de forma sutil no <a href=\"https:\/\/www.hbomax.com\/movies\/dfa50804-e6f6-4fa2-a732-693dbc50527b?utm_source=universal_search\" target=\"_blank\" rel=\"noreferrer noopener nofollow\">primeiro filme de 2022<\/a>.<\/p>\n<p><img alt=\"Robert Pattinson em cena de The Batman, filme de super-her\u00f3is\" src=\"data:image\/gif;base64,R0lGODlhAQABAIAAAAAAAP\/\/\/yH5BAEAAAAALAAAAAABAAEAAAIBRAA7\" decoding=\"async\" style=\"position:absolute;top:0;left:0;bottom:0;right:0;box-sizing:border-box;padding:0;border:none;margin:auto;display:block;width:0;height:0;min-width:100%;max-width:100%;min-height:100%;max-height:100%\"\/><\/p>\n<p font-weight=\"500\" font-size=\"14px\" class=\"style__Typo-sc-1e1gvva-0 ezCJRb\">Robert Pattinson em cena de The Batman<\/p>\n<p font-weight=\"300\" font-size=\"14px\" class=\"style__Typo-sc-1e1gvva-0 fvAQOT\">(Foto: Divulga\u00e7\u00e3o\/Warner Bros.)<\/p>\n<p>Futuro do Batman nos cinemas<\/p>\n<p>J\u00e1 no novo universo da DC, The Brave and the Bold tem potencial para apresentar um Batman mais experiente, acostumado a lidar com aliados e inimigos ao mesmo tempo. O roteiro, ainda em desenvolvimento, ser\u00e1 inspirado na fase escrita por Grant Morrison \u2014 famosa justamente por mostrar a rela\u00e7\u00e3o turbulenta entre Bruce e Damian, um Robin assassino criado pela Liga dos Assassinos. Isso abre espa\u00e7o para vil\u00f5es cl\u00e1ssicos como Talia al Ghul, Ra\u2019s al Ghul e at\u00e9 vers\u00f5es reformuladas de inimigos conhecidos.<\/p>\n<p>A grande diferen\u00e7a \u00e9 que o Batman de Reeves pertence a uma linha independente chamada \u201cElseworlds\u201d, isolada do DCU. J\u00e1 o de Muschietti far\u00e1 parte da cronologia principal e poder\u00e1 interagir com her\u00f3is como Superman e Mulher-Maravilha. Isso significa que, pela primeira vez, dois Batmen diferentes coexistir\u00e3o nas telas, cada um com seu pr\u00f3prio estilo, sua pr\u00f3pria cidade e seus pr\u00f3prios vil\u00f5es.<\/p>\n<p>Com o primeiro retorno agendado apenas para 2027, ainda h\u00e1 muito mist\u00e9rio sobre o que Matt Reeves est\u00e1 preparando. Enquanto isso, James Gunn constr\u00f3i uma nova mitologia para o personagem dentro do DCU. O que j\u00e1 parece certo \u00e9 que o Cavaleiro das Trevas seguir\u00e1 enfrentando seus maiores medos \u2014 e talvez, vers\u00f5es ainda mais brutais de seus inimigos mais ic\u00f4nicos.<\/p>\n","protected":false},"excerpt":{"rendered":"O futuro do Batman no cinema promete ser mais complexo \u2014 e possivelmente mais sombrio \u2014 do que&hellip;\n","protected":false},"author":2,"featured_media":115082,"comment_status":"","ping_status":"","sticky":false,"template":"","format":"standard","meta":{"footnotes":""},"categories":[140],"tags":[1948,2945,114,115,147,148,146,32,33],"class_list":{"0":"post-115081","1":"post","2":"type-post","3":"status-publish","4":"format-standard","5":"has-post-thumbnail","7":"category-filmes","8":"tag-batman","9":"tag-dc","10":"tag-entertainment","11":"tag-entretenimento","12":"tag-film","13":"tag-filmes","14":"tag-movies","15":"tag-portugal","16":"tag-pt"},"share_on_mastodon":{"url":"","error":""},"_links":{"self":[{"href":"https:\/\/www.europesays.com\/pt\/wp-json\/wp\/v2\/posts\/115081","targetHints":{"allow":["GET"]}}],"collection":[{"href":"https:\/\/www.europesays.com\/pt\/wp-json\/wp\/v2\/posts"}],"about":[{"href":"https:\/\/www.europesays.com\/pt\/wp-json\/wp\/v2\/types\/post"}],"author":[{"embeddable":true,"href":"https:\/\/www.europesays.com\/pt\/wp-json\/wp\/v2\/users\/2"}],"replies":[{"embeddable":true,"href":"https:\/\/www.europesays.com\/pt\/wp-json\/wp\/v2\/comments?post=115081"}],"version-history":[{"count":0,"href":"https:\/\/www.europesays.com\/pt\/wp-json\/wp\/v2\/posts\/115081\/revisions"}],"wp:featuredmedia":[{"embeddable":true,"href":"https:\/\/www.europesays.com\/pt\/wp-json\/wp\/v2\/media\/115082"}],"wp:attachment":[{"href":"https:\/\/www.europesays.com\/pt\/wp-json\/wp\/v2\/media?parent=115081"}],"wp:term":[{"taxonomy":"category","embeddable":true,"href":"https:\/\/www.europesays.com\/pt\/wp-json\/wp\/v2\/categories?post=115081"},{"taxonomy":"post_tag","embeddable":true,"href":"https:\/\/www.europesays.com\/pt\/wp-json\/wp\/v2\/tags?post=115081"}],"curies":[{"name":"wp","href":"https:\/\/api.w.org\/{rel}","templated":true}]}}