{"id":115093,"date":"2025-10-17T19:53:13","date_gmt":"2025-10-17T19:53:13","guid":{"rendered":"https:\/\/www.europesays.com\/pt\/115093\/"},"modified":"2025-10-17T19:53:13","modified_gmt":"2025-10-17T19:53:13","slug":"volodymyr-zelensky-na-casa-branca-para-reuniao-com-donald-trump","status":"publish","type":"post","link":"https:\/\/www.europesays.com\/pt\/115093\/","title":{"rendered":"Volodymyr Zelensky na Casa Branca para reuni\u00e3o com Donald Trump"},"content":{"rendered":"<p>&#13;<br \/>\nMas, quanto a estes m\u00edsseis norte-americanos, os argumentos de Zelensky dever\u00e3o cair em saco roto.&#13;\n<\/p>\n<p>&#13;<br \/>\nDonald Trump afirmou quinta-feira aos rep\u00f3rteres da Casa Branca que <b>todos os m\u00edsseis Tomahawk armazenados nos arsenais norte-americanos s\u00e3o necess\u00e1rios<\/b>, num balde de \u00e1gua fria a eventuais pretens\u00f5es ucranianas. Ao longo da guerra, Estados Unidos e potencias europeias aproveitaram para renovar as suas reservas de armamento, despachando para a Ucr\u00e2nia o material mais antigo. Os m\u00edsseis Tomahawk estar\u00e3o fora da equa\u00e7\u00e3o, exceto se algum Estado europeu quiser enviar os seus a Kiev.&#13;\n<\/p>\n<p>Zelensky aterrou em Washington quinta-feira \u00e0 noite e, durante a manh\u00e3 desta sexta-feira, reuniu-se com os principais acionistas da companhia de defesa americana Raytheon, que produz os Tomahawk.<\/p>\n<p>&#8220;<b>Discutimos as capacidades de produ\u00e7\u00e3o da Raytheon, as poss\u00edveis formas da nossa coopera\u00e7\u00e3o para refor\u00e7ar a defesa a\u00e9rea<\/b> e aumentar as capacidades de longo alcance da Ucr\u00e2nia, e as perspetivas para a produ\u00e7\u00e3o ucraniano-americana&#8221;, escreveu o presidente ucraniano na rede Telegram.&#13;\n<\/p>\n<p>          <img decoding=\"async\" itemprop=\"image\" class=\"img-fluid\"   src=\"https:\/\/www.europesays.com\/pt\/wp-content\/uploads\/2025\/10\/59c8f826b322e8f76b42008bc16fdf0c_N.jpg\"\/><\/p>\n<p>Uma delega\u00e7\u00e3o ucraniana de alto n\u00edvel em Washington, liderada esta semana pelo Primeiro-Ministro Svyrydenko e pelo Chefe de Gabinete Andrii Yermak, reuniu-se igualmente com importantes empresas de defesa dos EUA, incluindo a Lockheed Martin e a Raytheon, antes da chegada de Zelensky.<\/p>\n<p>A Raytheon fabrica os sistemas Patriot e Tomahawk, ambos componentes essenciais das necessidades de defesa da Ucr\u00e2nia.<br \/>&#13;\n<\/p>\n<p>&#13;<br \/>\nA estrat\u00e9gia de Moscovo&#13;\n<\/p>\n<p>&#13;<br \/>\nA principal preocupa\u00e7\u00e3o de Volodymyr Zelensky \u00e9 proteger os c\u00e9us ucranianos, refor\u00e7ando a defesa a\u00e9rea, quando a R\u00fassia intensifica ataques nocturnos com m\u00edsseis e drones de grande envergadura.\u00a0&#13;\n<\/p>\n<p>&#13;<br \/>\nO principal alvo russo t\u00eam sido as estruturas energ\u00e9ticas, de distribui\u00e7\u00e3o de eletricidade e produ\u00e7\u00e3o de g\u00e1s. Mas tamb\u00e9m t\u00eam sido atingidos alvos civis em v\u00e1rias cidades, provocando dezenas de mortos e de feridos, incluindo crian\u00e7as.&#13;\n<\/p>\n<p>&#13;<br \/>\nA eventual posse de m\u00edsseis Tomahawk por parte da Ucr\u00e2nia tornou-se uma das principais preocupa\u00e7\u00f5es russas. Moscovo j\u00e1 disse que isso representar\u00e1 &#8220;uma escalada&#8221; na guerra.&#13;\n<\/p>\n<p>&#13;<br \/>\nDomingo passado, Trump admitiu entregar os Tomahwak a Kiev, se a R\u00fassia n\u00e3o regressasse \u00e0 mesa das megocia\u00e7\u00f5es.&#13;\n<\/p>\n<p>&#13;<br \/>\nO Kremlin sugeriu depois uma conversa entre Putin e Donald Trump e um dos principais assuntos debatidos na chamada telef\u00f3nica que ocorreu quinat-feira, numa conversa que demorou duas horas e meia, foram precisamente estes m\u00edsseis.&#13;\n<\/p>\n<p>&#13;<br \/>\n<b>Putin disse a Trump que esse fornecimento\u00a0prejudicaria o processo de paz e os la\u00e7os entre os EUA e a R\u00fassia.<\/b>&#13;\n<\/p>\n<p>Os dois presidentes combinaram ainda encontrar-se em Budapeste, na Hungria, para tentar por um fim \u00e0 guerra. A cimeira, que Trump disse<a href=\"https:\/\/www.rtp.pt\/noticias\/mundo\/donald-trump-admite-encontro-com-vladimir-putin-dentro-de-duas-semanas_n1691751\" target=\"_blank\" rel=\"nofollow noopener\"> esperar que ocorra &#8220;dentro de duas semanas&#8221;<\/a>, ir\u00e1 adiar a decis\u00e3o do presidente norte-americano sobre os Tomahawk.<\/p>\n<p>&#13;<br \/>\nO problema dos Tomahawk&#13;\n<\/p>\n<p>&#13;<br \/>\nOs m\u00edsseis Tomahawk BGM-109, com alcance de 1.600 quil\u00f3metros a 880 quil\u00f3metros por hora e a poucos metros do solo, iriam expandir dramaticamente as capacidade de agress\u00e3o ucranianas, colocando bases militares e a pr\u00f3pria capital russa, ao alcance de Kiev. A Ucr\u00e2nia j\u00e1 se comprometeu a atingir somente alvos militares ou energ\u00e9ticos.&#13;\n<\/p>\n<p>Um oficial aposentado da Marinha dos EUA disse esta sexta-feira \u00e0 BBC que <b>\u00e9 contudo improv\u00e1vel que os EUA forne\u00e7am m\u00edsseis Tomahawk \u00e0 Ucr\u00e2nia devido ao n\u00edvel de assist\u00eancia americana necess\u00e1ria para os operar.<\/b><\/p>\n<p>Mark Montgomery disse aos jornalista do canal brit\u00e2nico de not\u00edcias que, &#8220;com intelig\u00eancia, direcionamento e roteamento de miss\u00f5es, isso envolver\u00e1 os EUA de uma forma que deixaria Donald Trump muito desconfort\u00e1vel com o tempo&#8221;.<\/p>\n<p>Acrescentou que os m\u00edsseis exigem &#8220;equipamentos especiais&#8221; que os EUA dificilmente querer\u00e3o entregar.<\/p>\n<p>Montgomery frisou tamb\u00e9m que h\u00e1 potencial para Trump oferecer os m\u00edsseis a Kiev, mas que acredita que seja &#8220;mais uma quest\u00e3o pol\u00edtica e n\u00e3o militar \u2014 n\u00e3o acho que veremos isso no campo de batalha t\u00e3o cedo&#8221;.<br \/>&#13;<\/p>\n","protected":false},"excerpt":{"rendered":"&#13; Mas, quanto a estes m\u00edsseis norte-americanos, os argumentos de Zelensky dever\u00e3o cair em saco roto.&#13; &#13; Donald&hellip;\n","protected":false},"author":2,"featured_media":115094,"comment_status":"","ping_status":"","sticky":false,"template":"","format":"standard","meta":{"footnotes":""},"categories":[8],"tags":[27,28,92,15,16,14,25,26,21,22,12,13,19,20,32,23,24,33,23485,17,18,840,29,30,31,2415,2416],"class_list":{"0":"post-115093","1":"post","2":"type-post","3":"status-publish","4":"format-standard","5":"has-post-thumbnail","7":"category-principais-noticias","8":"tag-breaking-news","9":"tag-breakingnews","10":"tag-donald-trump","11":"tag-featured-news","12":"tag-featurednews","13":"tag-headlines","14":"tag-latest-news","15":"tag-latestnews","16":"tag-main-news","17":"tag-mainnews","18":"tag-news","19":"tag-noticias","20":"tag-noticias-principais","21":"tag-noticiasprincipais","22":"tag-portugal","23":"tag-principais-noticias","24":"tag-principaisnoticias","25":"tag-pt","26":"tag-tomahawk","27":"tag-top-stories","28":"tag-topstories","29":"tag-ucrania","30":"tag-ultimas","31":"tag-ultimas-noticias","32":"tag-ultimasnoticias","33":"tag-vladimir-putin","34":"tag-volodymyr-zelensky"},"share_on_mastodon":{"url":"","error":""},"_links":{"self":[{"href":"https:\/\/www.europesays.com\/pt\/wp-json\/wp\/v2\/posts\/115093","targetHints":{"allow":["GET"]}}],"collection":[{"href":"https:\/\/www.europesays.com\/pt\/wp-json\/wp\/v2\/posts"}],"about":[{"href":"https:\/\/www.europesays.com\/pt\/wp-json\/wp\/v2\/types\/post"}],"author":[{"embeddable":true,"href":"https:\/\/www.europesays.com\/pt\/wp-json\/wp\/v2\/users\/2"}],"replies":[{"embeddable":true,"href":"https:\/\/www.europesays.com\/pt\/wp-json\/wp\/v2\/comments?post=115093"}],"version-history":[{"count":0,"href":"https:\/\/www.europesays.com\/pt\/wp-json\/wp\/v2\/posts\/115093\/revisions"}],"wp:featuredmedia":[{"embeddable":true,"href":"https:\/\/www.europesays.com\/pt\/wp-json\/wp\/v2\/media\/115094"}],"wp:attachment":[{"href":"https:\/\/www.europesays.com\/pt\/wp-json\/wp\/v2\/media?parent=115093"}],"wp:term":[{"taxonomy":"category","embeddable":true,"href":"https:\/\/www.europesays.com\/pt\/wp-json\/wp\/v2\/categories?post=115093"},{"taxonomy":"post_tag","embeddable":true,"href":"https:\/\/www.europesays.com\/pt\/wp-json\/wp\/v2\/tags?post=115093"}],"curies":[{"name":"wp","href":"https:\/\/api.w.org\/{rel}","templated":true}]}}