{"id":115101,"date":"2025-10-17T20:00:19","date_gmt":"2025-10-17T20:00:19","guid":{"rendered":"https:\/\/www.europesays.com\/pt\/115101\/"},"modified":"2025-10-17T20:00:19","modified_gmt":"2025-10-17T20:00:19","slug":"inter-da-caso-joao-mario-por-fechado-e-deixa-sporting-de-maos-a-abanar-2","status":"publish","type":"post","link":"https:\/\/www.europesays.com\/pt\/115101\/","title":{"rendered":"Inter d\u00e1 caso Jo\u00e3o M\u00e1rio por fechado e deixa Sporting &#8216;de m\u00e3os a abanar&#8217;"},"content":{"rendered":"<p>O Internazionale fez saber, esta quinta-feira, atrav\u00e9s do Relat\u00f3rio e Contas relativo \u00e0 passada temporada de 2024\/25 (no qual apresentou um lucro de 35,4 milh\u00f5es de euros), que a &#8216;guerra judicial&#8217; que mantinha com o Sporting j\u00e1 desde 2021, motivada pela transfer\u00eancia de Jo\u00e3o M\u00e1rio com o Benfica, foi dada, de uma vez por todas, por encerrada.<\/p>\n<p>&#8220;A 10 de agosto de 2022, o Inter recebeu um pedido de indemniza\u00e7\u00e3o por parte do Sporting, relativo \u00e0 transfer\u00eancia, a t\u00edtulo definitivo, do jogador Jo\u00e3o M\u00e1rio para o Benfica, devido \u00e0 n\u00e3o ativa\u00e7\u00e3o da cl\u00e1usula de prefer\u00eancia a favor do Sporting, no caso de transfer\u00eancia do jogador para qualquer outro clube participante no campeonato portugu\u00eas&#8221;, pode ler-se.<\/p>\n<p>&#8220;A 10 de julho de 2023, a FIFA rejeitou integralmente o recurso apresentado pelo Sporting, e, consequentemente, a 6 de setembro de 2023, este \u00faltimo apresentou um recurso junto do TAS (Tribunal Arbitral do Desporto), o qual, no passado 25 de abril de 2025, rejeitou o recurso do Sporting, confirmando a decis\u00e3o original&#8221;, prossegue.<\/p>\n<p>&#8220;N\u00e3o tendo existido qualquer outro recurso dentro do prazo, a senten\u00e7a n\u00e3o pode voltar a ser alterada&#8221;, completa a nota oficial partilhada pelos campe\u00f5es italianos em t\u00edtulo, atrav\u00e9s das plataformas oficiais.<\/p>\n<p>Afinal, o que se passou entre Sporting, Benfica, Inter e Jo\u00e3o M\u00e1rio?<\/p>\n<p>Formado no Sporting, Jo\u00e3o M\u00e1rio partiu rumo ao Internazionale no ver\u00e3o de 2016, a troco de uma verba na ordem dos 40 milh\u00f5es de euros, que poderia ascender aos 45 milh\u00f5es de euros, mediante o cumprimento de objetivos desportivos, na sequ\u00eancia de um acordo que contemplava uma cl\u00e1usula que ditava que o clube de Alvalade teria de ser ressarcido caso, no futuro, o jogador viesse a refor\u00e7ar qualquer um dos rivais.<\/p>\n<p>A experi\u00eancia em It\u00e1lia acabou por n\u00e3o correr da melhor maneira, pelo que o internacional portugu\u00eas somou empr\u00e9stimos consecutivos a West Ham e Lokomotiv Moscovo, antes de regressar a &#8216;casa&#8217;, em 2020, tamb\u00e9m na qualidade de cedido, para sagrar-se campe\u00e3o nacional, sob as ordens de Ruben Amorim.<\/p>\n<p>No final dessa mesma temporada, a dire\u00e7\u00e3o liderada por Frederico Varandas optou, ainda assim, por n\u00e3o avan\u00e7ar para a aquisi\u00e7\u00e3o do m\u00e9dio, pelo que este voltou ao Stadio Giuseppe Meazza, onde, sem espa\u00e7o nas contas do ent\u00e3o treinador, Antonio Conte, acabou por refor\u00e7ar o Benfica&#8230; a &#8216;custo zero&#8217;.<\/p>\n<p>Na altura, a estrutura verde e branca defendeu que esta rescis\u00e3o contratual n\u00e3o passava de uma manobra por parte de Jo\u00e3o M\u00e1rio, Benfica e Internazionale para contornarem a t\u00e3o badalada cl\u00e1usula anti-rivais, mas a verdade \u00e9 que as autoridades competentes n\u00e3o deram raz\u00e3o \u00e0 queixa, que contemplava um pedido de indemniza\u00e7\u00e3o no valor de 30 milh\u00f5es de euros.<\/p>\n<p>O que \u00e9 feito de Jo\u00e3o M\u00e1rio?<\/p>\n<p>Jo\u00e3o M\u00e1rio acabaria por deixar o Benfica, em 2024, em &#8216;rota de colis\u00e3o&#8217; com os pr\u00f3prios adeptos, rumo ao Besiktas, a t\u00edtulo de empr\u00e9stimo, que, no final dessa mesma temporada, se tornou num acordo definitivo, a troco de dois milh\u00f5es de euros.<\/p>\n<p>Na Turquia, o internacional portugu\u00eas tamb\u00e9m n\u00e3o encontrou a felicidade por que procurava, pelo que, no passado ver\u00e3o mudou-se, uma vez mais. Desta feita, para os gregos do AEK, onde permanece, at\u00e9 aos dias de hoje.<\/p>\n<p>Leia Tamb\u00e9m: <a href=\"https:\/\/www.noticiasaominuto.com\/desporto\/2852700\/oficial-joao-mario-emprestado-pelo-besiktas-ao-aek-atenas\" target=\"_blank\" rel=\"noopener noreferrer nofollow\">Oficial: Jo\u00e3o M\u00e1rio emprestado pelo Besiktas ao AEK Atenas<\/a><\/p>\n","protected":false},"excerpt":{"rendered":"O Internazionale fez saber, esta quinta-feira, atrav\u00e9s do Relat\u00f3rio e Contas relativo \u00e0 passada temporada de 2024\/25 (no&hellip;\n","protected":false},"author":2,"featured_media":115102,"comment_status":"","ping_status":"","sticky":false,"template":"","format":"standard","meta":{"footnotes":""},"categories":[87],"tags":[135,32,33,134],"class_list":{"0":"post-115101","1":"post","2":"type-post","3":"status-publish","4":"format-standard","5":"has-post-thumbnail","7":"category-desporto","8":"tag-desporto","9":"tag-portugal","10":"tag-pt","11":"tag-sports"},"share_on_mastodon":{"url":"","error":""},"_links":{"self":[{"href":"https:\/\/www.europesays.com\/pt\/wp-json\/wp\/v2\/posts\/115101","targetHints":{"allow":["GET"]}}],"collection":[{"href":"https:\/\/www.europesays.com\/pt\/wp-json\/wp\/v2\/posts"}],"about":[{"href":"https:\/\/www.europesays.com\/pt\/wp-json\/wp\/v2\/types\/post"}],"author":[{"embeddable":true,"href":"https:\/\/www.europesays.com\/pt\/wp-json\/wp\/v2\/users\/2"}],"replies":[{"embeddable":true,"href":"https:\/\/www.europesays.com\/pt\/wp-json\/wp\/v2\/comments?post=115101"}],"version-history":[{"count":0,"href":"https:\/\/www.europesays.com\/pt\/wp-json\/wp\/v2\/posts\/115101\/revisions"}],"wp:featuredmedia":[{"embeddable":true,"href":"https:\/\/www.europesays.com\/pt\/wp-json\/wp\/v2\/media\/115102"}],"wp:attachment":[{"href":"https:\/\/www.europesays.com\/pt\/wp-json\/wp\/v2\/media?parent=115101"}],"wp:term":[{"taxonomy":"category","embeddable":true,"href":"https:\/\/www.europesays.com\/pt\/wp-json\/wp\/v2\/categories?post=115101"},{"taxonomy":"post_tag","embeddable":true,"href":"https:\/\/www.europesays.com\/pt\/wp-json\/wp\/v2\/tags?post=115101"}],"curies":[{"name":"wp","href":"https:\/\/api.w.org\/{rel}","templated":true}]}}