{"id":115109,"date":"2025-10-17T20:07:23","date_gmt":"2025-10-17T20:07:23","guid":{"rendered":"https:\/\/www.europesays.com\/pt\/115109\/"},"modified":"2025-10-17T20:07:23","modified_gmt":"2025-10-17T20:07:23","slug":"rui-borges-responde-a-mourinho-taca-esta-no-museu-e-e-do-sporting-noticias-ao-minuto","status":"publish","type":"post","link":"https:\/\/www.europesays.com\/pt\/115109\/","title":{"rendered":"Rui Borges responde a Mourinho: &quot;Ta\u00e7a est\u00e1 no museu e \u00e9 do Sporting&quot; &#8211; Not\u00edcias ao Minuto"},"content":{"rendered":"<ol>\n<li><a href=\"https:\/\/news.google.com\/rss\/articles\/CBMiqgFBVV95cUxOR3drN3Fsd3UzYnVScGIzQzdFSF9WeHNwSFg2M1J1UTg5LUxUNFpTdVFvX0xQWlp3WUFuaGQ1V2NSOWNneVJvYkxlLUlGV0FIR1Jzc0VtNkNqbkk1MGNlVHBnWUtGYWJnUHVuUnlLSDJSSmk0d2VBNW1TbXpZQ01SMWt3Q2VtSDcxZGlQNXlWTUpBWGpxN2ptUTVycDFXTTNLSWxwVFFsN1A2dw?oc=5\" target=\"_blank\" rel=\"nofollow noopener\">Rui Borges responde a Mourinho: &#8220;Ta\u00e7a est\u00e1 no museu e \u00e9 do Sporting&#8221;<\/a>&nbsp;&nbsp;Not\u00edcias ao Minuto<\/li>\n<li><a href=\"https:\/\/news.google.com\/rss\/articles\/CBMihgFBVV95cUxQUUpjY0YzNzVIWjBkRGFKWURkM1k1TjZhYmFEcGdoN0ZjcV9pbW1wbWdZZ1JwbTZTbTU1OGtteExxM1czN2djRmdVSVBLNmVxamhrWDdnb0xqY0hzb2N3dlZGSzVudjJmcmNOeURNRUJxbEZGMC1zdXItQ1NaWFByUDNoNHNOdw?oc=5\" target=\"_blank\" rel=\"nofollow noopener\">Pa\u00e7os de Ferreira vs Sporting: Onde Assistir e Prov\u00e1vel 11 Inicial \u2013 Ta\u00e7a de Portugal (18\/10\/2025)<\/a>&nbsp;&nbsp;Observador<\/li>\n<li><a href=\"https:\/\/news.google.com\/rss\/articles\/CBMitAFBVV95cUxQdm1MMVRXN3g0Sk5nMVB3MTdFWDEwd3VMT2FsUDhhMWtCbWJGSEpxT0pSZTg1aDJkQTZMMXFUY2ZfRjRhYXZabi13Q05malB2TWJNQjMtWVJoZWZNQnNuNEo4NFBSYUU2WlhoOGZBeWxrUFk4djljVmo5WVM0TE1GNkdXaFgwY2x0OVBOS2VwMzRPVmZxYnFtamxVRVMzZ0RocjZrc1RjWXJGMUxmSS1MME94cl8?oc=5\" target=\"_blank\" rel=\"nofollow noopener\">Rui Borges: \u00abMourinho? O ru\u00eddo \u00e9 imenso e a toda a hora. \u00c9 bom sinal&#8230;\u00bb<\/a>&nbsp;&nbsp;A Bola<\/li>\n<li><a href=\"https:\/\/news.google.com\/rss\/articles\/CBMisgFBVV95cUxNbXNuZjc0M0RWem5KNlNKUlZwRjhsdno2MnBOcFJYZkNrOUg3emhjaDFSSWsxTUdheUFDeW8wM3JFV25Ha3BIQVcwanNfTkduSGhjX0RBQ0hWTEpRbW9XeXZhajR1MWk4ZlhITHZzNXYwWUJTa2RIdE1WeWRGZlJfNWJaWXAwaFcxaE52Skh6elhGUlBaTm1nbTdDMm1BbEwyQzZaTjJ6S19aOXN1WG1QRFZR?oc=5\" target=\"_blank\" rel=\"nofollow noopener\">\u00abPor mim renovavam todos, mas o presidente n\u00e3o ia achar muita piada\u00bb<\/a>&nbsp;&nbsp;CNN Portugal<\/li>\n<li><a href=\"https:\/\/news.google.com\/rss\/articles\/CBMi3AFBVV95cUxPRXBfOTJpanEwOFI2OFRxWFR5VnItdHVKcGhOZlF3Tm50ZVVnelF3Sm52UmtaNVh4THF6TThicEhsZkZJS3FhNEdGdjZuTjRXVW5GR0p2MU93TG5mMGFXVEFkZG1BLVBsczRESlhlaG03aXJjU0xpQzJrUVEwQ0lLQ0gtbEVKakZtY21BMjU3bGFuUktlWHBYdGZHNVZxdDlJcTQ5eU1iNWhNWUVUaHMyYmhvU3Z0OHkzSndEUFlOTGs3ZzZSX1NYRzkybmtoOWZRUUJMdFlDYW5zWlZC?oc=5\" target=\"_blank\" rel=\"nofollow noopener\">Filipe C\u00e2ndido antev\u00ea o confronto frente ao Sporting: \u00abVamos encarar o jogo com entusiasmo\u00bb<\/a>&nbsp;&nbsp;Bola na Rede<\/li>\n<\/ol>\n","protected":false},"excerpt":{"rendered":"Rui Borges responde a Mourinho: &#8220;Ta\u00e7a est\u00e1 no museu e \u00e9 do Sporting&#8221;&nbsp;&nbsp;Not\u00edcias ao Minuto Pa\u00e7os de Ferreira&hellip;\n","protected":false},"author":2,"featured_media":113901,"comment_status":"","ping_status":"","sticky":false,"template":"","format":"standard","meta":{"footnotes":""},"categories":[8],"tags":[27,28,15,16,14,25,26,21,22,12,13,19,20,32,23,24,33,17,18,29,30,31],"class_list":{"0":"post-115109","1":"post","2":"type-post","3":"status-publish","4":"format-standard","5":"has-post-thumbnail","7":"category-principais-noticias","8":"tag-breaking-news","9":"tag-breakingnews","10":"tag-featured-news","11":"tag-featurednews","12":"tag-headlines","13":"tag-latest-news","14":"tag-latestnews","15":"tag-main-news","16":"tag-mainnews","17":"tag-news","18":"tag-noticias","19":"tag-noticias-principais","20":"tag-noticiasprincipais","21":"tag-portugal","22":"tag-principais-noticias","23":"tag-principaisnoticias","24":"tag-pt","25":"tag-top-stories","26":"tag-topstories","27":"tag-ultimas","28":"tag-ultimas-noticias","29":"tag-ultimasnoticias"},"share_on_mastodon":{"url":"","error":""},"_links":{"self":[{"href":"https:\/\/www.europesays.com\/pt\/wp-json\/wp\/v2\/posts\/115109","targetHints":{"allow":["GET"]}}],"collection":[{"href":"https:\/\/www.europesays.com\/pt\/wp-json\/wp\/v2\/posts"}],"about":[{"href":"https:\/\/www.europesays.com\/pt\/wp-json\/wp\/v2\/types\/post"}],"author":[{"embeddable":true,"href":"https:\/\/www.europesays.com\/pt\/wp-json\/wp\/v2\/users\/2"}],"replies":[{"embeddable":true,"href":"https:\/\/www.europesays.com\/pt\/wp-json\/wp\/v2\/comments?post=115109"}],"version-history":[{"count":0,"href":"https:\/\/www.europesays.com\/pt\/wp-json\/wp\/v2\/posts\/115109\/revisions"}],"wp:featuredmedia":[{"embeddable":true,"href":"https:\/\/www.europesays.com\/pt\/wp-json\/wp\/v2\/media\/113901"}],"wp:attachment":[{"href":"https:\/\/www.europesays.com\/pt\/wp-json\/wp\/v2\/media?parent=115109"}],"wp:term":[{"taxonomy":"category","embeddable":true,"href":"https:\/\/www.europesays.com\/pt\/wp-json\/wp\/v2\/categories?post=115109"},{"taxonomy":"post_tag","embeddable":true,"href":"https:\/\/www.europesays.com\/pt\/wp-json\/wp\/v2\/tags?post=115109"}],"curies":[{"name":"wp","href":"https:\/\/api.w.org\/{rel}","templated":true}]}}