{"id":115110,"date":"2025-10-17T20:08:35","date_gmt":"2025-10-17T20:08:35","guid":{"rendered":"https:\/\/www.europesays.com\/pt\/115110\/"},"modified":"2025-10-17T20:08:35","modified_gmt":"2025-10-17T20:08:35","slug":"flavio-furtado-para-claudio-ramos-eu-tinha-a-necessidade-de-te-pedir-desculpa","status":"publish","type":"post","link":"https:\/\/www.europesays.com\/pt\/115110\/","title":{"rendered":"Fl\u00e1vio Furtado para Cl\u00e1udio Ramos: &#8220;Eu tinha a necessidade de te pedir desculpa&#8221;"},"content":{"rendered":"<p>Em dezembro de 2024, foi not\u00edcia que Cl\u00e1udio Ramos teria pedido para que Fl\u00e1vio Furtado n\u00e3o fosse comentador das galas de <a href=\"https:\/\/selfie.iol.pt\/famosos\/casa-dos-segredos\/claudio-ramos-levanta-o-veu-sobre-secret-story-desafio-final-nao-sei-ser-de-outra-maneira\/20241212\/675b15d6d34e94b82908927c\" target=\"_blank\" wbo-id=\"51\" rel=\"nofollow noopener\">&#8220;Secret Story &#8211; Desafio Final&#8221;<\/a>, situa\u00e7\u00e3o que logo na altura foi prontamente <a href=\"https:\/\/selfie.iol.pt\/famosos\/cristina-ferreira\/claudio-ramos-faz-esclarecimento-sobre-flavio-furtado-nao-fiz-uma-coisa-dessas\/20241223\/67697990d34e94b82908f536\" target=\"_blank\" rel=\"nofollow noopener\">desmentida pelo apresentador do &#8220;Dois \u00e0s 10&#8221;<\/a>, sublinhando: &#8220;N\u00e3o fiz uma coisa dessas, n\u00e3o era capaz de o fazer e n\u00e3o faz sentido nenhum escreverem isso. O profissional \u00e9 o profissional, o pessoal \u00e9 o pessoal.&#8221;<\/p>\n<p>Convidado do matutino da TVI nesta sexta-feira, dia 17, Fl\u00e1vio Furtado voltou a aludir \u00e0 alegada desaven\u00e7a que existir\u00e1 entre os dois comentadores e revelou ter enviado uma mensagem com um pedido de desculpas a Cl\u00e1udio Ramos, quando o comentador das galas de &#8220;Secret Story &#8211; Casa dos Segredos&#8221; passou por um momento mais delicado a n\u00edvel de sa\u00fade e viveu uma fase de maior introspe\u00e7\u00e3o.<\/p>\n<p>Em resposta, Cl\u00e1udio Ramos explicou: &#8220;N\u00e3o respondi \u00e0 mensagem porque, para mim, [o assunto] est\u00e1 morto.&#8221;\u00a0<\/p>\n<p>De seguida, Fl\u00e1vio Furtado assumiu:\u00a0&#8220;N\u00e3o sou daquelas pessoas que falha e acha que, empurrando com a barriga&#8230; N\u00e3o! (&#8230;) Pedi-te desculpa por mensagem e mandei uma mensagem publicamente atrav\u00e9s da revista Cristina. N\u00e3o acho que v\u00e1 mudar nada na nossa vida, mas eu fico de consci\u00eancia tranquila por saber que falhei e tinha a necessidade de te pedir desculpa. A nossa vida fica igual, mas a minha consci\u00eancia fica mais tranquila.&#8221;<\/p>\n<p>Cl\u00e1udio Ramos rematou: &#8220;Se a tua consci\u00eancia fica mais tranquila, as desculpas s\u00e3o aceites. J\u00e1 passou, j\u00e1 foi&#8230; Esquece l\u00e1 isso!&#8221;.<\/p>\n<p>Veja, agora, o v\u00eddeo com as declara\u00e7\u00f5es de Fl\u00e1vio Furtado e Cl\u00e1udio Ramos.<\/p>\n<p>\u00a0<\/p>\n<p>\u00a0<\/p>\n","protected":false},"excerpt":{"rendered":"Em dezembro de 2024, foi not\u00edcia que Cl\u00e1udio Ramos teria pedido para que Fl\u00e1vio Furtado n\u00e3o fosse comentador&hellip;\n","protected":false},"author":2,"featured_media":115111,"comment_status":"","ping_status":"","sticky":false,"template":"","format":"standard","meta":{"footnotes":""},"categories":[145],"tags":[800,211,210,329,801,114,115,980,15559,619,32,33,1012,162],"class_list":{"0":"post-115110","1":"post","2":"type-post","3":"status-publish","4":"format-standard","5":"has-post-thumbnail","7":"category-celebridades","8":"tag-bruna-gomes","9":"tag-celebridades","10":"tag-celebrities","11":"tag-claudio-ramos","12":"tag-dois-as-10","13":"tag-entertainment","14":"tag-entretenimento","15":"tag-famosos","16":"tag-flavio-furtado","17":"tag-nacional","18":"tag-portugal","19":"tag-pt","20":"tag-selfie","21":"tag-tvi"},"share_on_mastodon":{"url":"","error":""},"_links":{"self":[{"href":"https:\/\/www.europesays.com\/pt\/wp-json\/wp\/v2\/posts\/115110","targetHints":{"allow":["GET"]}}],"collection":[{"href":"https:\/\/www.europesays.com\/pt\/wp-json\/wp\/v2\/posts"}],"about":[{"href":"https:\/\/www.europesays.com\/pt\/wp-json\/wp\/v2\/types\/post"}],"author":[{"embeddable":true,"href":"https:\/\/www.europesays.com\/pt\/wp-json\/wp\/v2\/users\/2"}],"replies":[{"embeddable":true,"href":"https:\/\/www.europesays.com\/pt\/wp-json\/wp\/v2\/comments?post=115110"}],"version-history":[{"count":0,"href":"https:\/\/www.europesays.com\/pt\/wp-json\/wp\/v2\/posts\/115110\/revisions"}],"wp:featuredmedia":[{"embeddable":true,"href":"https:\/\/www.europesays.com\/pt\/wp-json\/wp\/v2\/media\/115111"}],"wp:attachment":[{"href":"https:\/\/www.europesays.com\/pt\/wp-json\/wp\/v2\/media?parent=115110"}],"wp:term":[{"taxonomy":"category","embeddable":true,"href":"https:\/\/www.europesays.com\/pt\/wp-json\/wp\/v2\/categories?post=115110"},{"taxonomy":"post_tag","embeddable":true,"href":"https:\/\/www.europesays.com\/pt\/wp-json\/wp\/v2\/tags?post=115110"}],"curies":[{"name":"wp","href":"https:\/\/api.w.org\/{rel}","templated":true}]}}