{"id":115120,"date":"2025-10-17T20:19:12","date_gmt":"2025-10-17T20:19:12","guid":{"rendered":"https:\/\/www.europesays.com\/pt\/115120\/"},"modified":"2025-10-17T20:19:12","modified_gmt":"2025-10-17T20:19:12","slug":"john-bolton-ex-conselheiro-de-seguranca-nacional-de-trump-acusado-judicialmente","status":"publish","type":"post","link":"https:\/\/www.europesays.com\/pt\/115120\/","title":{"rendered":"John Bolton, ex-conselheiro de Seguran\u00e7a Nacional de Trump, acusado judicialmente"},"content":{"rendered":"<p>O antigo conselheiro de Seguran\u00e7a Nacional de Donald Trump, John Bolton, foi hoje acusado judicialmente de uso indevido de informa\u00e7\u00f5es confidenciais, ap\u00f3s o Presidente norte-americano o ter definido como alvo da procuradoria, noticiaram os media locais.<\/p>\n<p>John Bolton, de 76 anos, foi acusado por um j\u00fari em Maryland, perto de Washington, D.C., tornando-se no terceiro advers\u00e1rio de Trump a enfrentar acusa\u00e7\u00f5es judiciais, depois do ex-diretor do FIB James Comey e da procuradora Letitia James.<\/p>\n<p>Segundo a CBS, Bolton enfrenta 18 acusa\u00e7\u00f5es criminais, incluindo oito de transmiss\u00e3o de informa\u00e7\u00f5es de defesa nacional e 10 de reten\u00e7\u00e3o de informa\u00e7\u00f5es de defesa nacional.<\/p>\n<p>A acusa\u00e7\u00e3o alega que o ex-conselheiro no primeiro mandato de Trump &#8220;abusou da sua posi\u00e7\u00e3o (&#8230;) ao partilhar com dois familiares n\u00e3o identificados mais de mil p\u00e1ginas de informa\u00e7\u00f5es sobre as suas atividades di\u00e1rias&#8221;, incluindo informa\u00e7\u00f5es com classifica\u00e7\u00e3o ultrassecreta.<\/p>\n<p>Em agosto, uma rusga do FBI visou a casa e o escrit\u00f3rio de John Bolton, por suspeitas de viola\u00e7\u00f5es da Lei de Espionagem, de acordo com documentos judiciais.<\/p>\n<p>A acusa\u00e7\u00e3o afirma que Bolton enviou \u00e0s duas pessoas &#8220;entradas semelhantes a um di\u00e1rio&#8221; utilizando um e-mail n\u00e3o governamental, incluindo &#8220;contas de e-mail alojadas pela AOL e pela Google&#8221;, para enviar informa\u00e7\u00f5es confidenciais at\u00e9 ao n\u00edvel ultrassecreto e de Informa\u00e7\u00f5es Compartimentadas Sens\u00edveis.<\/p>\n<p>Tamb\u00e9m ter\u00e1 impresso e armazenado em sua casa em Maryland muitas dessas entradas, refere o documento da procuradoria.<\/p>\n<p>Entre 2019 e 2021, segundo a acusa\u00e7\u00e3o, a conta de e-mail de Bolton foi pirateada por um &#8220;agente cibern\u00e9tico&#8221; que se acredita estar ligado ao Ir\u00e3o.<\/p>\n<p>A acusa\u00e7\u00e3o alega que Bolton relatou \u00e0s autoridades federais o ciberataque, mas n\u00e3o especificou que havia informa\u00e7\u00f5es confidenciais na sua conta, ou que as tinha partilhado com dois familiares, adianta a CBS.<\/p>\n<p>Questionado na Casa Branca pelos jornalistas sobre a acusa\u00e7\u00e3o de Bolton, Trump disse n\u00e3o ter conhecimento dela, mas afirmou que o seu ex-conselheiro &#8220;\u00e9 um mau tipo&#8221;.<\/p>\n<p>Na semana passada, ap\u00f3s press\u00e3o de Trump, a procuradora-geral de Nova Iorque, Letitia James, foi acusada de fraude hipotec\u00e1ria pela procuradoria federal.<\/p>\n<p>&#8220;Combateremos vigorosamente estas acusa\u00e7\u00f5es infundadas (&#8230;) E continuarei a fazer o meu trabalho&#8221;, afirmou a procuradora-geral, cuja acusa\u00e7\u00e3o tinha sido publicamente pedida por Trump \u00e0 procuradora-geral Pam Bondi.<\/p>\n<p>Segundo o canal norte-americano CNN, Letitia James estava sob investiga\u00e7\u00e3o desde maio por causa de uma hipoteca de 2023 que fez para ajudar a sobrinha a comprar uma casa em Norfolk, Virg\u00ednia.<\/p>\n<p>Os advogados de James admitem um erro no preenchimento de um documento, mas afirmam que o mesmo foi corrigido atempadamente e que n\u00e3o h\u00e1 sustenta\u00e7\u00e3o m\u00ednima para a acusa\u00e7\u00e3o, segundo a mesma fonte.<\/p>\n<p>James ganhou em 2024 em Nova Iorque um processo civil por fraude contra Trump, os seus filhos adultos e a sua imobili\u00e1ria, tendo o julgamento sido marcado por acesas trocas de palavras entre o ent\u00e3o pr\u00e9-candidato presidencial republicano e a procuradora nova-iorquina.<\/p>\n<p>Antes da procuradora, o ex-diretor do FBI James Comey foi acusado de obstru\u00e7\u00e3o \u00e0 justi\u00e7a e perj\u00fario por um grande j\u00fari federal em Alexandria, estado da Virg\u00ednia.<\/p>\n<p>A acusa\u00e7\u00e3o decorre de um depoimento de Comey ao Comit\u00e9 Judici\u00e1rio do Senado em setembro de 2020 sobre a investiga\u00e7\u00e3o do FBI \u00e0s liga\u00e7\u00f5es entre a campanha presidencial de Trump em 2016 e a R\u00fassia.<\/p>\n<p>O Departamento de Justi\u00e7a abriu tamb\u00e9m uma investiga\u00e7\u00e3o ao senador democrata da Calif\u00f3rnia Adam Schiff, que promoveu o processo de destitui\u00e7\u00e3o presidencial pelo Congresso, ap\u00f3s o assalto ao Capit\u00f3lio em janeiro de 2021, do agora reeleito Presidente.<\/p>\n<p>Os v\u00e1rios acusados foram mencionados numa mensagem de Trump \u00e0 procuradora-geral, Pam Bondi, referindo advers\u00e1rios seus a investigar judicialmente, que o pr\u00f3prio Presidente publicou por acidente nas redes sociais, segundo noticiaram v\u00e1rios media.<\/p>\n<p>Posteriormente apagada, a longa publica\u00e7\u00e3o de 20 de setembro era uma mensagem privada para Bondi, expressando insatisfa\u00e7\u00e3o por n\u00e3o ver qualquer a\u00e7\u00e3o legal concreta contra os seus rivais pol\u00edticos, segundo o Wall Street Journal.<\/p>\n<p>Referindo-se ao facto de ele pr\u00f3prio ter sido acusado e submetido a processos de destitui\u00e7\u00e3o v\u00e1rias vezes, Trump exigia &#8220;justi\u00e7a, agora!&#8221;.<\/p>\n<p>Trump afirmou ainda que nomearia Lindsey Halligan, conselheira da Casa Branca, para exercer as fun\u00e7\u00f5es de procuradora no Distrito Leste da Virg\u00ednia, substituindo Erik Seibert, que acreditava n\u00e3o ter reunido provas suficientes para sustentar acusa\u00e7\u00f5es criminais contra Letitia James, ap\u00f3s entrevistar dezenas de testemunhas.<\/p>\n<p>Sem experi\u00eancia como procuradora federal, Halligan apressou-se a apresentar o caso de Comey a um grande j\u00fari poucos dias depois de ser nomeada.<\/p>\n","protected":false},"excerpt":{"rendered":"O antigo conselheiro de Seguran\u00e7a Nacional de Donald Trump, John Bolton, foi hoje acusado judicialmente de uso indevido&hellip;\n","protected":false},"author":2,"featured_media":115121,"comment_status":"","ping_status":"","sticky":false,"template":"","format":"standard","meta":{"footnotes":""},"categories":[50],"tags":[27,28,15,16,14,25,26,21,22,62,12,13,19,20,23,24,17,18,29,30,31,63,64,65],"class_list":{"0":"post-115120","1":"post","2":"type-post","3":"status-publish","4":"format-standard","5":"has-post-thumbnail","7":"category-mundo","8":"tag-breaking-news","9":"tag-breakingnews","10":"tag-featured-news","11":"tag-featurednews","12":"tag-headlines","13":"tag-latest-news","14":"tag-latestnews","15":"tag-main-news","16":"tag-mainnews","17":"tag-mundo","18":"tag-news","19":"tag-noticias","20":"tag-noticias-principais","21":"tag-noticiasprincipais","22":"tag-principais-noticias","23":"tag-principaisnoticias","24":"tag-top-stories","25":"tag-topstories","26":"tag-ultimas","27":"tag-ultimas-noticias","28":"tag-ultimasnoticias","29":"tag-world","30":"tag-world-news","31":"tag-worldnews"},"share_on_mastodon":{"url":"","error":""},"_links":{"self":[{"href":"https:\/\/www.europesays.com\/pt\/wp-json\/wp\/v2\/posts\/115120","targetHints":{"allow":["GET"]}}],"collection":[{"href":"https:\/\/www.europesays.com\/pt\/wp-json\/wp\/v2\/posts"}],"about":[{"href":"https:\/\/www.europesays.com\/pt\/wp-json\/wp\/v2\/types\/post"}],"author":[{"embeddable":true,"href":"https:\/\/www.europesays.com\/pt\/wp-json\/wp\/v2\/users\/2"}],"replies":[{"embeddable":true,"href":"https:\/\/www.europesays.com\/pt\/wp-json\/wp\/v2\/comments?post=115120"}],"version-history":[{"count":0,"href":"https:\/\/www.europesays.com\/pt\/wp-json\/wp\/v2\/posts\/115120\/revisions"}],"wp:featuredmedia":[{"embeddable":true,"href":"https:\/\/www.europesays.com\/pt\/wp-json\/wp\/v2\/media\/115121"}],"wp:attachment":[{"href":"https:\/\/www.europesays.com\/pt\/wp-json\/wp\/v2\/media?parent=115120"}],"wp:term":[{"taxonomy":"category","embeddable":true,"href":"https:\/\/www.europesays.com\/pt\/wp-json\/wp\/v2\/categories?post=115120"},{"taxonomy":"post_tag","embeddable":true,"href":"https:\/\/www.europesays.com\/pt\/wp-json\/wp\/v2\/tags?post=115120"}],"curies":[{"name":"wp","href":"https:\/\/api.w.org\/{rel}","templated":true}]}}