{"id":115130,"date":"2025-10-17T20:33:13","date_gmt":"2025-10-17T20:33:13","guid":{"rendered":"https:\/\/www.europesays.com\/pt\/115130\/"},"modified":"2025-10-17T20:33:13","modified_gmt":"2025-10-17T20:33:13","slug":"piloto-portugues-jorge-brandao-morre-em-acidente-no-rali-de-marrocos","status":"publish","type":"post","link":"https:\/\/www.europesays.com\/pt\/115130\/","title":{"rendered":"Piloto portugu\u00eas Jorge Brand\u00e3o morre em acidente no Rali de Marrocos"},"content":{"rendered":"<p class=\"category\"><a href=\"https:\/\/sicnoticias.pt\/desporto\" rel=\"nofollow noopener\" target=\"_blank\">Desporto<\/a><\/p>\n<p>O motociclista ainda foi transportado de helic\u00f3ptero para o hospital, mas n\u00e3o resistiu aos ferimentos.<\/p>\n<p><img decoding=\"async\" src=\"https:\/\/www.europesays.com\/pt\/wp-content\/uploads\/2025\/10\/1760733193_125_original.webp\" alt=\"Piloto portugu\u00eas Jorge Brand\u00e3o morre em acidente no Rali de Marrocos\"\/><\/p>\n<p>Facebook Old Friends Rally Team <\/p>\n<p><strong>Morreu esta sexta-feira o piloto portugu\u00eas Jorge Brand\u00e3o, aos 46 anos, num acidente durante a \u00faltima etapa do Rali de Marrocos. <\/strong><strong>A informa\u00e7\u00e3o foi avan\u00e7ada pela organiza\u00e7\u00e3o da prova em comunicado.<\/strong><\/p>\n<p>O motociclista<strong> caiu numa duna<\/strong> ao quil\u00f3metro 214, a apenas dois quil\u00f3metros de chegar \u00e0 meta.<\/p>\n<p>Ainda foi transportado de helic\u00f3ptero para o hospital, mas n\u00e3o resistiu aos ferimentos.<\/p>\n<blockquote><p>&#8220;Hoje, dia 17 de outubro, durante a quinta etapa do Rali de Marrocos, que percorre Erfoud em circuito, o motociclista Jorge Brand\u00e3o, que participava na prova pela segunda vez, sofreu uma queda nas dunas ao quil\u00f3metro 214. (&#8230;) Foi rapidamente assistido pelos m\u00e9dicos e transportado de helic\u00f3ptero para o hospital em Erfoud, onde morreu \u00e0s 13:55&#8221;, explicaram os organizadores, em comunicado. <\/p><\/blockquote>\n<p>Jorge Brand\u00e3o, <strong>natural de Arouca<\/strong>, representava a equipa de Guimar\u00e3es &#8220;Old Friends Rally&#8221;.<\/p>\n","protected":false},"excerpt":{"rendered":"Desporto O motociclista ainda foi transportado de helic\u00f3ptero para o hospital, mas n\u00e3o resistiu aos ferimentos. Facebook Old&hellip;\n","protected":false},"author":2,"featured_media":115131,"comment_status":"","ping_status":"","sticky":false,"template":"","format":"standard","meta":{"footnotes":""},"categories":[87],"tags":[135,32,33,134],"class_list":{"0":"post-115130","1":"post","2":"type-post","3":"status-publish","4":"format-standard","5":"has-post-thumbnail","7":"category-desporto","8":"tag-desporto","9":"tag-portugal","10":"tag-pt","11":"tag-sports"},"share_on_mastodon":{"url":"","error":""},"_links":{"self":[{"href":"https:\/\/www.europesays.com\/pt\/wp-json\/wp\/v2\/posts\/115130","targetHints":{"allow":["GET"]}}],"collection":[{"href":"https:\/\/www.europesays.com\/pt\/wp-json\/wp\/v2\/posts"}],"about":[{"href":"https:\/\/www.europesays.com\/pt\/wp-json\/wp\/v2\/types\/post"}],"author":[{"embeddable":true,"href":"https:\/\/www.europesays.com\/pt\/wp-json\/wp\/v2\/users\/2"}],"replies":[{"embeddable":true,"href":"https:\/\/www.europesays.com\/pt\/wp-json\/wp\/v2\/comments?post=115130"}],"version-history":[{"count":0,"href":"https:\/\/www.europesays.com\/pt\/wp-json\/wp\/v2\/posts\/115130\/revisions"}],"wp:featuredmedia":[{"embeddable":true,"href":"https:\/\/www.europesays.com\/pt\/wp-json\/wp\/v2\/media\/115131"}],"wp:attachment":[{"href":"https:\/\/www.europesays.com\/pt\/wp-json\/wp\/v2\/media?parent=115130"}],"wp:term":[{"taxonomy":"category","embeddable":true,"href":"https:\/\/www.europesays.com\/pt\/wp-json\/wp\/v2\/categories?post=115130"},{"taxonomy":"post_tag","embeddable":true,"href":"https:\/\/www.europesays.com\/pt\/wp-json\/wp\/v2\/tags?post=115130"}],"curies":[{"name":"wp","href":"https:\/\/api.w.org\/{rel}","templated":true}]}}